
{"id":6916,"slug":"edital-de-convocacao-assembleia-geral-ordinaria-2025","link":"https:\/\/transparencia.cfp.org.br\/crp23\/chamada-publica\/edital-de-convocacao-assembleia-geral-ordinaria-2025\/","class_list":["post-6916","chamada_publica","type-chamada_publica","status-publish","hentry"],"titulo":"EDITAL DE CONVOCA\u00c7\u00c3O  ASSEMBLEIA GERAL ORDIN\u00c1RIA 2025","conteudo":"\nDi\u00e1rio Oficial da Uni\u00e3o\n\nPublicado em:\u00a028\/07\/2025\u00a0|\u00a0Edi\u00e7\u00e3o:\u00a0140\u00a0|\u00a0Se\u00e7\u00e3o: 3\u00a0|\u00a0P\u00e1gina:\u00a0198\n\u00d3rg\u00e3o:\u00a0Entidades de Fiscaliza\u00e7\u00e3o do Exerc\u00edcio das Profiss\u00f5es Liberais\/Conselho Regional de Psicologia da 23\u00aa Regi\u00e3o\nhttps:\/\/www.in.gov.br\/web\/dou\/-\/edital-de-convocacao-644639899\n\n\nEDITAL DE CONVOCA\u00c7\u00c3O\nASSEMBLEIA GERAL ORDIN\u00c1RIA OR\u00c7AMENT\u00c1RIA.\nO Presidente do Conselho Regional de Psicologia da 23\u00aa Regi\u00e3o \u2013 Estado do Tocantins (CRP-23), cumprindo as determina\u00e7\u00f5es que lhe s\u00e3o conferidas pela Lei 5.766 de 20 de dezembro de 1971, convoca a(o)s Psic\u00f3loga(o)s do Estado do Tocantins para participar da ASSEMBLEIA GERAL OR\u00c7AMENT\u00c1RIA, a ser realizada no dia 15 de agosto de 2025 (sexta-feira), via Google Meet: https:\/\/meet.google.com\/ucq-avhm-dxt, divulgada amplamente nos sites https:\/\/transparencia.cfp.org.br\/crp23\/, http:\/\/www.crp23.org.br e pelo jornal local de grande circula\u00e7\u00e3o. A apresenta\u00e7\u00e3o iniciar\u00e1 \u00e0s 19h00, em primeira convoca\u00e7\u00e3o com 2\/3 (dois ter\u00e7os) de seus membros, e \u00e0s 19h30, em segunda convoca\u00e7\u00e3o com qualquer n\u00famero de psic\u00f3logos presentes na plataforma online, com a seguinte Ordem do Dia: a) Fixa\u00e7\u00e3o da anuidade de Pessoa F\u00edsica e Pessoa Jur\u00eddica para o exerc\u00edcio de 2026; b) Fixa\u00e7\u00e3o de emolumentos, servi\u00e7os e taxas para o exerc\u00edcio de 2026; c) Defini\u00e7\u00e3o de desconto para pagamento antecipado de anuidade em cota \u00fanica, at\u00e9 dia 31 de janeiro de 2026; d) Defini\u00e7\u00e3o de desconto para pagamento antecipado de anuidade aos psic\u00f3logos rec\u00e9m-formados, com pagamento em cota \u00fanica at\u00e9 o dia 31 de janeiro de 2026; e) Discuss\u00e3o da possibilidade de abertura de subsede, sem autonomia administrativa e financeira, na cidade de Gurupi.\nPalmas-TO, 11 de julho de 2025.\nArivandre Ara\u00fajo Guimar\u00e3es Tavares\nConselheiro Presidente\nKarla Milhomem Cardoso\nConselheira Tesoureira\n\n\nLink para inscri\u00e7\u00e3o na Assembleia Geral Ordin\u00e1ria do CRP 23.\nhttps:\/\/meet.google.com\/ucq-avhm-dxt,\nFontes:\nEdital de convoca\u00e7\u00e3o para assembleia geral dos Psic\u00f3logos do CRP 23 \u2013 2025\nhttps:\/\/www.in.gov.br\/web\/dou\/-\/edital-de-convocacao-644639899\u00a0\nDecreto n\u00ba 79.822\/1977 \u2013 Regulamenta a Lei n\u00ba 5.766\/1971\nhttps:\/\/www.planalto.gov.br\/ccivil_03\/decreto\/1970-1979\/D79822.htm\nLei n\u00ba 5.766\/1971 que cria o Conselho Federal de Psicologia e os Conselhos Regionais de Psicologia e d\u00e1 outras provid\u00eancias\nhttps:\/\/www.planalto.gov.br\/ccivil_03\/leis\/l5766.htm\nRegimento interno do Conselho Federal de Psicologia\nhttps:\/\/atosoficiais.com.br\/cfp\/resolucao-administrativa-financeira-n-17-2000-aprova-o-regimento-interno-do-conselho-federal-de-psicologia-cfp?q=17\/2000\n"}