
{"id":5361,"slug":"edital-de-convocacao-assembleia-geral-ordinaria-2024","link":"https:\/\/transparencia.cfp.org.br\/crp23\/chamada-publica\/edital-de-convocacao-assembleia-geral-ordinaria-2024\/","class_list":["post-5361","chamada_publica","type-chamada_publica","status-publish","hentry"],"titulo":"EDITAL DE CONVOCA\u00c7\u00c3O  ASSEMBLEIA GERAL ORDIN\u00c1RIA 2024","conteudo":"\nLink para inscri\u00e7\u00e3o na Assembleia Geral Ordin\u00e1ria do CRP 23.\nhttps:\/\/forms.gle\/VmTW4Bbq1wH3w3wy9\n\u00a0\nDi\u00e1rio Oficial da Uni\u00e3o\n\n\nPublicado em:  19\/06\/2024  |  Edi\u00e7\u00e3o:  116  |  Se\u00e7\u00e3o: 3  |  P\u00e1gina: 210 \n\u00d3rg\u00e3o:  Entidades de Fiscaliza\u00e7\u00e3o do Exerc\u00edcio das Profiss\u00f5es Liberais\/Conselho Regional de Psicologia da 23\u00aa Regi\u00e3o\n\n\nEDITAL DE CONVOCA\u00c7\u00c3O\nASSEMBLEIA GERAL ORDIN\u00c1RIA\nO Presidente do Conselho Regional de Psicologia da 23\u00aa Regi\u00e3o \u2013 Estado do Tocantins(CRP-23), cumprindo as determina\u00e7\u00f5es que lhe s\u00e3o conferidas pela Lei 5.766 de 20 de dezembro de 1971, convoca a(o)s Psic\u00f3loga(o)s do Estado do Tocantins para a ASSEMBLEIA GERAL OR\u00c7AMENT\u00c1RIA, a ser realizada no dia 19 de julho de 2024 (sexta-feira), em plataforma digital a ser definida e divulgada amplamente no site (https:\/\/transparencia.cfp.org.br\/crp23\/) e pelo site (www.crp23.org.br) e pelo jornal local de grande circula\u00e7\u00e3o, a apresenta\u00e7\u00e3o iniciar\u00e1 \u00e0s 09h00, em primeira convoca\u00e7\u00e3o com 2\/3 (dois ter\u00e7os) de seus membros, e \u00e0s 09h30, em segunda convoca\u00e7\u00e3o com qualquer n\u00famero de psic\u00f3logos presentes na plataforma online, com a seguinte Ordem do Dia: a) Autorizar a continuidade do processo\/procedimento de aquisi\u00e7\u00e3o da 1\u00aa Sede Administrativa do Conselho Regional de Psicologia da 23\u00aa Regi\u00e3o, na capital, nos moldes das leis, decretos, resolu\u00e7\u00f5es do CFP e CRP 23, em vig\u00eancia; b) fixa\u00e7\u00e3o da anuidade de pessoa f\u00edsica e pessoa jur\u00eddica para o exerc\u00edcio de 2025; c) fixa\u00e7\u00e3o de emolumentos, servi\u00e7os e taxas para o exerc\u00edcio de 2025; d) discuss\u00e3o da possibilidade de abertura de subsede, sem autonomia administrativa e financeira, nas cidades de Aragua\u00edna e Gurupi; e) defini\u00e7\u00e3o de desconto de 20%, para pagamento antecipado de anuidade em cota \u00fanica; f) defini\u00e7\u00e3o de anuidade diferenciada aos psic\u00f3logos rec\u00e9m-formados.\nPalmas-TO, 17 de Junho de 2024.\nArivandre Ara\u00fajo Guimar\u00e3es Tavares\nConselheiro Presidente\n\nLink para inscri\u00e7\u00e3o na Assembleia Geral Ordin\u00e1ria do CRP 23.\nhttps:\/\/forms.gle\/VmTW4Bbq1wH3w3wy9\n\u00a0\n\nFontes:\n\nEdital de convoca\u00e7\u00e3o para assembleia geral dos Psic\u00f3logos do CRP 23 \u2013 2024\nhttps:\/\/www.in.gov.br\/web\/dou\/-\/edital-de-convocacao-498772420\nDecreto n\u00ba 79.822\/1977 \u2013 Regulamenta a Lei n\u00ba 5.766\/1971\nhttps:\/\/www.planalto.gov.br\/ccivil_03\/decreto\/1970-1979\/D79822.htm\nLei n\u00ba 5.766\/1971 que cria o Conselho Federal de Psicologia e os Conselhos Regionais de Psicologia e d\u00e1 outras provid\u00eancias\nhttps:\/\/www.planalto.gov.br\/ccivil_03\/leis\/l5766.htm\nRegimento interno do Conselho Federal de Psicologia\nhttps:\/\/atosoficiais.com.br\/cfp\/resolucao-administrativa-financeira-n-17-2000-aprova-o-regimento-interno-do-conselho-federal-de-psicologia-cfp?q=17\/2000\n","documentos":[{"file_uploaded":5363,"document_name":"Edital de Convoca\u00e7\u00e3o - Di\u00e1rio Oficial da Uni\u00e3o","link":"https:\/\/transparencia.cfp.org.br\/crp23\/wp-content\/uploads\/sites\/10\/2024\/07\/2024-EDITAL-DE-CONVOCACAO-EDITAL-DE-CONVOCACAO-DOU-Imprensa-Nacional-2024.pdf"},{"file_uploaded":5371,"document_name":"Edital de Convoca\u00e7\u00e3o - Jornal de grande circula\u00e7\u00e3o","link":"https:\/\/transparencia.cfp.org.br\/crp23\/wp-content\/uploads\/sites\/10\/2024\/06\/Fonte.pdf"}]}