
{"id":4802,"slug":"edital-de-convocacao-assembleia-geral-ordinaria","link":"https:\/\/transparencia.cfp.org.br\/crp23\/chamada-publica\/edital-de-convocacao-assembleia-geral-ordinaria\/","class_list":["post-4802","chamada_publica","type-chamada_publica","status-publish","hentry"],"titulo":"EDITAL DE CONVOCA\u00c7\u00c3O  ASSEMBLEIA GERAL ORDIN\u00c1RIA","conteudo":"DI\u00c1RIO OFICIAL DA UNI\u00c3O\n","documentos":[{"file_uploaded":4803,"document_name":"EDITAL DE CONVOCA\u00c7\u00c3O  ASSEMBLEIA GERAL ORDIN\u00c1RIA 2023","link":"https:\/\/transparencia.cfp.org.br\/crp23\/wp-content\/uploads\/sites\/10\/2023\/07\/EDITAL-DE-CONVOCACAO.pdf"}]}