
{"id":2646,"slug":"comissao-de-educacao-crp-21","link":"https:\/\/transparencia.cfp.org.br\/crp21\/comissao\/comissao-de-educacao-crp-21\/","class_list":["post-2646","comissao","type-comissao","status-publish","hentry","comissao_carater-especial"],"_comissao_carater":[{"id":45,"nome":"Especial","slug":"especial","link":"https:\/\/dev-transparencia.cfp.org.br\/wp-json\/wp\/v2\/comissao?comissaocarater=especial"}],"titulo":"Comiss\u00e3o de Educa\u00e7\u00e3o  CRP-21","conteudo":"\n\nComiss\u00e3o Especial\nMembras (os):\nJos\u00e9 Milton de Carvalho Neto \u2013 CRP-21\/04199\u00a0(coordenador)\nCarla Andrea Silva \u2013 CRP-21\/00334\u00a0(secret\u00e1ria)\nDenise\u00a0 Martins da Costa e Silva \u2013 CRP-21\/01350\nDelite Concei\u00e7\u00e3o Rocha Barros\u00a0Lemos \u2013 CRP-21\/00074\nJoyce Mesquita Nogueira \u2013 CRP-21\/01645\nSilvimeire Ara\u00fajo Saraiva \u2013 CRP-21\/00754\nTatiana Maria Lima Cruz Lima \u2013 CRP-21\/00121\nRanyelle dos Santos Lopes \u2013 CRP-21\/01494\nAndressa de Sousa Moares \u2013 CRP-21\/04073\nBianca Barbosa Melo Amaral \u2013 CRP-21\/01127\nFrequ\u00eancia de reuni\u00f5es: quinzenais\nDatas\/hor\u00e1rios:\u00a0sextas, \u00e0s 9:00\nE-mail:\u00a0educacaopsi@crp21.org.br\nAtribui\u00e7\u00f5es da Comiss\u00e3o:\u00a0Mobilizar a categoria para ampliar o conhecimento acerca das pr\u00e1ticas e compromissos sociais assumidos junto ao Cen\u00e1rio Educacional.\n\u00a0\n\n\n\n\n\n"}