
{"id":5117,"slug":"proposta-orcamentaria-e-acao-crp20-2021","link":"https:\/\/transparencia.cfp.org.br\/crp20\/planejamento\/proposta-orcamentaria-e-acao-crp20-2021\/","class_list":["post-5117","planejamento","type-planejamento","status-publish","hentry","planejamento_relatorio-planos-de-acao-e-orcamento"],"documentos":[{"file_uploaded":5118,"document_name":"ATA ASSEMBLEIA GERAL AM","link":"https:\/\/transparencia.cfp.org.br\/crp20\/wp-content\/uploads\/sites\/16\/2025\/12\/ATA-DA-ASSEMBLEIA-GERAL-ANUIDADE-2021-AMAZONAS.pdf"},{"file_uploaded":5120,"document_name":"ATA ASSEMBLEIA GERAL RR","link":"https:\/\/transparencia.cfp.org.br\/crp20\/wp-content\/uploads\/sites\/16\/2021\/01\/ATA-DA-ASSEMBLEIA-GERAL-ORCAMENTARIA-ANUIDADE-2021-SECAO-RORAIMA.pdf"}],"_planejamento_relatorio":[{"id":26,"nome":"Planos de A\u00e7\u00e3o e Or\u00e7amento","slug":"planos-de-acao-e-orcamento","link":"https:\/\/dev-transparencia.cfp.org.br\/wp-json\/wp\/v2\/planejamento?planejamentorelatorio=planos-de-acao-e-orcamento"}],"titulo":"Proposta Or\u00e7ament\u00e1ria e A\u00e7\u00e3o CRP20 \u2013 2021","conteudo":"Proposta Or\u00e7ament\u00e1ria e A\u00e7\u00e3o CRP20( AM, RR,) \u2013 \u00a02021\n\u00a0\n"}