
{"id":4229,"slug":"processo-eleitoral-2019","link":"https:\/\/transparencia.cfp.org.br\/crp20\/eleicao\/processo-eleitoral-2019\/","class_list":["post-4229","eleicao","type-eleicao","status-publish","hentry"],"documentos":[{"file_uploaded":4230,"document_name":"Resolu\u00e7\u00e3o CFP-16-2018 - Aprova o Regimento Eleitoral 2019","link":"https:\/\/transparencia.cfp.org.br\/crp20\/wp-content\/uploads\/sites\/16\/2021\/06\/RESOLUCAO-CFP-16-2018-APROVA-O-REGIMENTO-ELEITORAL-2019.pdf"},{"file_uploaded":4231,"document_name":"Edital de Convoca\u00e7\u00e3o para as Elei\u00e7\u00f5es - Inscri\u00e7\u00e3o de chapas","link":"https:\/\/transparencia.cfp.org.br\/crp20\/wp-content\/uploads\/sites\/16\/2021\/06\/EDITAL-DE-CONVOCACAO-PARA-AS-ELEICOES-2019-INSCRICAO-DE-CHAPAS.pdf"},{"file_uploaded":4233,"document_name":"divulga\u00e7\u00e3o chapa 13","link":"https:\/\/transparencia.cfp.org.br\/crp20\/wp-content\/uploads\/sites\/16\/2021\/06\/divulgacao-CHAPA-13.pdf"},{"file_uploaded":4234,"document_name":"divulga\u00e7\u00e3o chapa 12","link":"https:\/\/transparencia.cfp.org.br\/crp20\/wp-content\/uploads\/sites\/16\/2021\/06\/divulgacao-CHAPA-12-1.pdf"},{"file_uploaded":4235,"document_name":"Resultado da apura\u00e7\u00e3o CRP20","link":"https:\/\/transparencia.cfp.org.br\/crp20\/wp-content\/uploads\/sites\/16\/2021\/06\/RESULTADO-APURACAO-CRP20.pdf"},{"file_uploaded":4236,"document_name":"Resolu\u00e7\u00e3o 2-2019 multa eleitoral","link":"https:\/\/transparencia.cfp.org.br\/crp20\/wp-content\/uploads\/sites\/16\/2021\/06\/RESOLUCAO-2-2019-MULTA-ELEITORAL.pdf"},{"file_uploaded":4243,"document_name":"Termo de posse IV Plen\u00e1rio","link":"https:\/\/transparencia.cfp.org.br\/crp20\/wp-content\/uploads\/sites\/16\/2021\/06\/TERMO-DE-POSSE-IV-PLENARIO-TRIENIO.pdf"}],"titulo":"PROCESSO ELEITORAL 2019","conteudo":"As elei\u00e7\u00f5es no Sistema Conselhos de Psicologia acontecem de 3 em 3 anos, pelo sistema de chapas \u2013 que s\u00e3o inscritas nos COREPs, quando regionais, e no CNP, quando nacionais. No ano de 2019, os pleitos foram realizados entre os dias 23 e 27 de agosto.\nNo Conselho Regional de Psicologia da 20\u00aa Regi\u00e3o (AM e RR) foi vencedora a chapa 12 \u201d Frente em Defesa da Psicologia\u201d.\n"}