
{"id":1373,"slug":"processo-eleitoral-2011","link":"https:\/\/transparencia.cfp.org.br\/crp20\/eleicao\/processo-eleitoral-2011\/","class_list":["post-1373","eleicao","type-eleicao","status-publish","hentry"],"documentos":[{"file_uploaded":1380,"document_name":"EDITAL DE ELEI\u00c7\u00d5ES 2011","link":"https:\/\/transparencia.cfp.org.br\/crp20\/wp-content\/uploads\/sites\/16\/2017\/05\/EDITAL-ELEI\u00c7\u00d5ES-2011-CRP20.pdf"},{"file_uploaded":1381,"document_name":"Edital de convoca\u00e7\u00e3o para elei\u00e7\u00f5es 2011","link":"https:\/\/transparencia.cfp.org.br\/crp20\/wp-content\/uploads\/sites\/16\/2017\/05\/EDITAL-DE-CONVOCA\u00c7\u00c3O-PARA-PUBLICA\u00c7\u00c3O-1.pdf"},{"file_uploaded":1382,"document_name":"Propostas da chapa 12","link":"https:\/\/transparencia.cfp.org.br\/crp20\/wp-content\/uploads\/sites\/16\/2017\/05\/CHAPA-12.pdf"},{"file_uploaded":1383,"document_name":"Propostas da chapa 11","link":"https:\/\/transparencia.cfp.org.br\/crp20\/wp-content\/uploads\/sites\/16\/2017\/05\/CHAPA-11.pdf"}],"titulo":"PROCESSO ELEITORAL 2011","conteudo":"As elei\u00e7\u00f5es no Sistema Conselhos de Psicologia acontecem de 3 em 3 anos, pelo sistema de chapas \u2013 que s\u00e3o inscritas nos COREPs, quando regionais, e no CNP, quando nacionais. No ano de 2011, o pleito foi\u00a0realizado de forma extraordin\u00e1ria em virtude da cria\u00e7\u00e3o do CRP 20\u00aa Regi\u00e3o. A elei\u00e7\u00e3o do I Plen\u00e1rio ocorreu no dia 07\u00a0de agosto de 2011.\nNo Conselho Regional de Psicologia da 20\u00aa Regi\u00e3o (AM, AC, RR, RO) a chapa 11 \u201d Pra Cuidar da Profiss\u00e3o\u201d, \u00a0foi a \u00a0vencedora.\n"}