{"id":5460,"slug":"comissao-de-analise-para-concessao-de-registro-de-psicologa-especialista-carpe","link":"https:\/\/transparencia.cfp.org.br\/crp20\/comissao\/comissao-de-analise-para-concessao-de-registro-de-psicologa-especialista-carpe\/","class_list":["post-5460","comissao","type-comissao","status-publish","hentry","comissao_carater-permanente","comissao_gestao-vi-plenario"],"_comissao_carater":[{"id":45,"nome":"Permanente","slug":"permanente","link":"https:\/\/dev-transparencia.cfp.org.br\/wp-json\/wp\/v2\/comissao?comissaocarater=permanente"}],"_comissao_gestao":[{"id":45,"nome":"Permanente","slug":"permanente","link":"https:\/\/dev-transparencia.cfp.org.br\/wp-json\/wp\/v2\/comissao?comissaocarater=permanente"},{"id":63,"nome":"VI Plen\u00e1rio","slug":"vi-plenario","link":"https:\/\/dev-transparencia.cfp.org.br\/wp-json\/wp\/v2\/comissao?comissaogestao=vi-plenario"}],"titulo":"Comiss\u00e3o de An\u00e1lise para Concess\u00e3o de Registro de Psic\u00f3loga Especialista (CARPE)","conteudo":"\n\n\n\n\n\n\n\n\n\n\u00a0Jurisdi\u00e7\u00e3o\n\u00a0Membros\n\u00a0Registro\n\u00a0Fun\u00e7\u00e3o\n\n\n1\n\u00a0Amazonas\/Roraima\n\u00a0ALCENIR PEREIRA GOMES\n\u00a020\/09087\n\u00a0Coordenadora\n\n\n2\n\u00a0Roraima\n\u00a0BEATRIZ LIMA COSTA\n\u00a020\/06105\n\u00a0Membro efetivo\n\n\n4\n\u00a0Amazonas\n\u00a0MAGALI MONTEIRO DA SILVA\n\u00a020\/08411\n\u00a0Membro efetivo\n\n\n3\n\u00a0Roraima\n\u00a0CAIO JOS\u00c9 LUCIUS BRAZ\u00c3O DE LIMA\n\u00a020\/10849\n\u00a0Membro suplente\n\n\n5\n\u00a0Amazonas\n\u00a0RODRIGO SERR\u00c3O DE FARIAS\n\u00a020\/08117\n\u00a0Membro suplente\n\n\n\n\u00a0\nAtualizada por: PORTARIA CRP-20 N\u00ba 19\/2026\n"}