{"id":5458,"slug":"comissao-de-comunicacao-social-2","link":"https:\/\/transparencia.cfp.org.br\/crp20\/comissao\/comissao-de-comunicacao-social-2\/","class_list":["post-5458","comissao","type-comissao","status-publish","hentry","comissao_carater-permanente","comissao_gestao-vi-plenario"],"_comissao_carater":[{"id":45,"nome":"Permanente","slug":"permanente","link":"https:\/\/dev-transparencia.cfp.org.br\/wp-json\/wp\/v2\/comissao?comissaocarater=permanente"}],"_comissao_gestao":[{"id":45,"nome":"Permanente","slug":"permanente","link":"https:\/\/dev-transparencia.cfp.org.br\/wp-json\/wp\/v2\/comissao?comissaocarater=permanente"},{"id":63,"nome":"VI Plen\u00e1rio","slug":"vi-plenario","link":"https:\/\/dev-transparencia.cfp.org.br\/wp-json\/wp\/v2\/comissao?comissaogestao=vi-plenario"}],"titulo":"Comiss\u00e3o de Comunica\u00e7\u00e3o Social","conteudo":"\n\n\n\n\n\n\n\n\n\n\u00a0Jurisdi\u00e7\u00e3o\n\u00a0Membros\n\u00a0Registro\n\u00a0Fun\u00e7\u00e3o\n\n\n1\n\u00a0Amazonas\/Roraima\n\u00a0RODRIGO SERR\u00c3O DE FARIAS\n\u00a020\/08117\n\u00a0Presidente\n\n\n2\n\u00a0Amazonas\n\u00a0LET\u00cdCIA FARIAS RIBEIRO\n\u00a020\/12692\n\u00a0Assessora\n\n\n3\n\u00a0Amazonas\n\u00a0B\u00c1RBARA PRATA GORDIANO\n\u00a020\/09641\n\u00a0Conselheira\n\n\n4\n\u00a0Roraima\n\u00a0ITERNIZA PEREIRA ANDR\u00c9\n\u00a020\/09967\n\u00a0Conselheira\n\n\n5\n\u00a0Amazonas\n\u00a0JANAINA LEIA PASSOS DA SILVA\n\u00a020\/11781\n\u00a0Conselheira\n\n\n\n\u00a0\nAtualizada por: PORTARIA CRP-20 N\u00ba 24\/2026\n"}