
{"id":2675,"slug":"ata-da-91-reuniao-plenaria-ordinaria-da-secao-roraima-conselho-regional-de-psicologia-da-20a-regiao-07062017","link":"https:\/\/transparencia.cfp.org.br\/crp20\/ata\/ata-da-91-reuniao-plenaria-ordinaria-da-secao-roraima-conselho-regional-de-psicologia-da-20a-regiao-07062017\/","class_list":["post-2675","ata","type-ata","status-publish","hentry","ata_reuniao-plenaria-secao-roraima"],"documentos":[{"file_uploaded":2676,"document_name":"ATA DA 91 REUNI\u00c3O PLEN\u00c1RIA ORDIN\u00c1RIA DA SE\u00c7\u00c3O RORAIMA","link":"https:\/\/transparencia.cfp.org.br\/crp20\/wp-content\/uploads\/sites\/16\/2017\/11\/ATA-N\u00ba-91-2017-1.pdf"}],"_ata_reuniao":[{"id":48,"nome":"Plen\u00e1ria Se\u00e7\u00e3o Roraima","slug":"plenaria-secao-roraima","link":"https:\/\/dev-transparencia.cfp.org.br\/wp-json\/wp\/v2\/ata?atareuniao=plenaria-secao-roraima"}],"titulo":"ATA DA 91 REUNI\u00c3O PLEN\u00c1RIA ORDIN\u00c1RIA DA SE\u00c7\u00c3O RORAIMA CONSELHO REGIONAL DE PSICOLOGIA DA 20\u00aa REGI\u00c3O (07\/06\/2017)","conteudo":""}