
{"id":2395,"slug":"ata-da-7-reuniao-plenaria-ordinaria-da-secao-roraima-conselho-regional-de-psicologia-da-20a-regiao-07022012","link":"https:\/\/transparencia.cfp.org.br\/crp20\/ata\/ata-da-7-reuniao-plenaria-ordinaria-da-secao-roraima-conselho-regional-de-psicologia-da-20a-regiao-07022012\/","class_list":["post-2395","ata","type-ata","status-publish","hentry","ata_reuniao-plenaria-secao-roraima"],"documentos":[{"file_uploaded":2396,"document_name":"ATA DA 7 REUNI\u00c3O PLEN\u00c1RIA ORDIN\u00c1RIA DA SE\u00c7\u00c3O RORAIMA ","link":"https:\/\/transparencia.cfp.org.br\/crp20\/wp-content\/uploads\/sites\/16\/2017\/10\/Ata-n\u00ba-07-2012.pdf"}],"_ata_reuniao":[{"id":48,"nome":"Plen\u00e1ria Se\u00e7\u00e3o Roraima","slug":"plenaria-secao-roraima","link":"https:\/\/dev-transparencia.cfp.org.br\/wp-json\/wp\/v2\/ata?atareuniao=plenaria-secao-roraima"}],"titulo":"ATA DA 7 REUNI\u00c3O PLEN\u00c1RIA ORDIN\u00c1RIA DA SE\u00c7\u00c3O RORAIMA CONSELHO REGIONAL DE PSICOLOGIA DA 20\u00aa REGI\u00c3O (07\/02\/2012)","conteudo":""}