
{"id":2289,"slug":"ata-da-reuniao-plenaria-extraordinaria-do-egregio-conselho-regional-de-psicologia-da-20a-regiao-14092017","link":"https:\/\/transparencia.cfp.org.br\/crp20\/ata\/ata-da-reuniao-plenaria-extraordinaria-do-egregio-conselho-regional-de-psicologia-da-20a-regiao-14092017\/","class_list":["post-2289","ata","type-ata","status-publish","hentry","ata_reuniao-plenaria"],"documentos":[{"file_uploaded":3542,"document_name":"ATA- EXTRAORDIN\u00c1RIA(14.09.2017) ","link":"https:\/\/transparencia.cfp.org.br\/crp20\/wp-content\/uploads\/sites\/16\/2017\/09\/ATA-REUNIAO-EXTRAORDINARIA-CRP20-14SET201.pdf"}],"_ata_reuniao":[{"id":27,"nome":"Plen\u00e1ria Sede AM","slug":"plenaria","link":"https:\/\/dev-transparencia.cfp.org.br\/wp-json\/wp\/v2\/ata?atareuniao=plenaria"}],"titulo":"ATA DA REUNI\u00c3O PLEN\u00c1RIA EXTRAORDIN\u00c1RIA DO EGR\u00c9GIO CONSELHO REGIONAL DE PSICOLOGIA DA 20\u00aa REGI\u00c3O (14\/09\/2017)","conteudo":"ATA DA REUNI\u00c3O PLEN\u00c1RIA EXTRAORDIN\u00c1RIA DO EGR\u00c9GIO CONSELHO REGIONAL DE PSICOLOGIA DA 20\u00aa REGI\u00c3O, REALIZADA EM 14 DE SETEMBRO DE 2017, NA SEDE DO CRP 20\n"}