
{"id":2409,"slug":"eleicoes-2013","link":"https:\/\/transparencia.cfp.org.br\/crp18\/eleicao\/eleicoes-2013\/","class_list":["post-2409","eleicao","type-eleicao","status-publish","hentry"],"documentos":[{"file_uploaded":2423,"document_name":"ATA  ASSEMBLEIA GERAL EXTRAORDIN\u00c1RIA","link":"https:\/\/transparencia.cfp.org.br\/crp18\/wp-content\/uploads\/sites\/12\/2013\/08\/ATA-ASSEMBLEIA-GERAL-EXTRAORDIN\u00c1RIA.pdf"},{"file_uploaded":2424,"document_name":"ATA REUNI\u00c3O COMISS\u00c3O ELEITORAL","link":"https:\/\/transparencia.cfp.org.br\/crp18\/wp-content\/uploads\/sites\/12\/2013\/08\/ATA-REUNI\u00c3O-COMISS\u00c3O-ELEITORAL-2013.pdf"},{"file_uploaded":2425,"document_name":"ATA COMISS\u00c3O ELEITORAL - ELEI\u00c7\u00c3O","link":"https:\/\/transparencia.cfp.org.br\/crp18\/wp-content\/uploads\/sites\/12\/2013\/08\/ATA-COMISS\u00c3O-ELEITORAL-ELEI\u00c7\u00c3O.pdf"},{"file_uploaded":2426,"document_name":"CONVOCA\u00c7\u00c3O ELEI\u00c7\u00c3O","link":"https:\/\/transparencia.cfp.org.br\/crp18\/wp-content\/uploads\/sites\/12\/2013\/08\/CONVOCA\u00c7\u00c3O-ELEI\u00c7\u00d5ES.pdf"},{"file_uploaded":2427,"document_name":"PORTARIA COMISS\u00c3O ELEITORAL","link":"https:\/\/transparencia.cfp.org.br\/crp18\/wp-content\/uploads\/sites\/12\/2013\/08\/PORTARIA-COMISS\u00c3O-ELEITORAL.pdf"}],"titulo":"ELEI\u00c7\u00d5ES 2013","conteudo":"Documentos referentes ao processo eleitoral realizado pelo CRP-18 (MT) \u2013 ANO 2013\n\n"}