
{"id":2289,"slug":"eleicoes2019","link":"https:\/\/transparencia.cfp.org.br\/crp18\/eleicao\/eleicoes2019\/","class_list":["post-2289","eleicao","type-eleicao","status-publish","hentry"],"documentos":[{"file_uploaded":2493,"document_name":"ATA Assembleia \u2013 Deflagra\u00e7\u00e3o do Processo Eleitoral","link":"https:\/\/transparencia.cfp.org.br\/crp18\/wp-content\/uploads\/sites\/12\/2019\/04\/ATA-ASSEMBLEIA-GERAL-EXTRAORDIN\u00c1RIA.pdf"},{"file_uploaded":2483,"document_name":"Edital de Convoca\u00e7\u00e3o \u2013 Assembleia \u2013 Deflagra\u00e7\u00e3o do Processo Eleitoral","link":"https:\/\/transparencia.cfp.org.br\/crp18\/wp-content\/uploads\/sites\/12\/2019\/04\/Edital-de-Convoca\u00e7\u00e3o-\u2013-Assembleia-\u2013-Deflagra\u00e7\u00e3o-do-Processo-Eleitoral.pdf"},{"file_uploaded":2484,"document_name":"Portaria 003 - Constitui e Nomeia a Comiss\u00e3o Regional Eleitoral CRP-18 MT","link":"https:\/\/transparencia.cfp.org.br\/crp18\/wp-content\/uploads\/sites\/12\/2019\/04\/Portaria-003-Constitui-e-Nomeia-a-Comiss\u00e3o-Regional-Eleitoral-CRP-18-MT.pdf"},{"file_uploaded":2485,"document_name":"Portaria 014 - Pedido de Afastamento Membro Comiss\u00e3o Regional Eleitoral - CRP-18 MT","link":"https:\/\/transparencia.cfp.org.br\/crp18\/wp-content\/uploads\/sites\/12\/2019\/04\/Portaria-014-Pedido-de-Afastamento-Membro-Comiss\u00e3o-Regional-Eleitoral-CRP-18-MT.pdf"},{"file_uploaded":2486,"document_name":"Registro de Chapas - Parte 1","link":"https:\/\/transparencia.cfp.org.br\/crp18\/wp-content\/uploads\/sites\/12\/2019\/04\/Registro-de-Chapas-Parte-1.pdf"},{"file_uploaded":2487,"document_name":"Registro de Chapas - Parte 2","link":"https:\/\/transparencia.cfp.org.br\/crp18\/wp-content\/uploads\/sites\/12\/2019\/04\/Registro-de-Chapas-Parte-2.pdf"},{"file_uploaded":2491,"document_name":"Retifica\u00e7\u00e3o Registro das Chapas","link":"https:\/\/transparencia.cfp.org.br\/crp18\/wp-content\/uploads\/sites\/12\/2019\/04\/Retifica\u00e7\u00e3o-Registro-das-Chapas.pdf"},{"file_uploaded":2488,"document_name":"Parecer Deferimento de Chapas","link":"https:\/\/transparencia.cfp.org.br\/crp18\/wp-content\/uploads\/sites\/12\/2019\/04\/Parecer-Deferimento-de-Chapas.pdf"},{"file_uploaded":2489,"document_name":"Aviso de Chapas Aptas \u00e0 Elei\u00e7\u00e3o","link":"https:\/\/transparencia.cfp.org.br\/crp18\/wp-content\/uploads\/sites\/12\/2019\/04\/Aviso-de-Chapas-Aptas-\u00e0-Elei\u00e7\u00e3o.pdf"},{"file_uploaded":2492,"document_name":"Retifica\u00e7\u00e3o - Aviso de Registro das Chapas","link":"https:\/\/transparencia.cfp.org.br\/crp18\/wp-content\/uploads\/sites\/12\/2019\/04\/Retifica\u00e7\u00e3o-Aviso-de-Registro-das-Chapas-1.pdf"},{"file_uploaded":2619,"document_name":"Deferimento Chapas CRP-18","link":"https:\/\/transparencia.cfp.org.br\/crp18\/wp-content\/uploads\/sites\/12\/2019\/04\/deferiemntos-chapas-2019.pdf"},{"file_uploaded":2616,"document_name":"Portaria 27  de 8 de Julho de 2019 - Composi\u00e7\u00e3o atual da Comiss\u00e3o Regional Eleitoral","link":"https:\/\/transparencia.cfp.org.br\/crp18\/wp-content\/uploads\/sites\/12\/2019\/04\/CCF_000004.pdf"},{"file_uploaded":2815,"document_name":"Portaria 028 - Reformula a Comiss\u00e3o Regional Eleitoral - 1 ","link":"https:\/\/transparencia.cfp.org.br\/crp18\/wp-content\/uploads\/sites\/12\/2019\/04\/portaria-028-comiss\u00e3o-eleitoral.pdf"},{"file_uploaded":2823,"document_name":"Ata dos Trabalhos realizados na vota\u00e7\u00e3o","link":"https:\/\/transparencia.cfp.org.br\/crp18\/wp-content\/uploads\/sites\/12\/2019\/04\/02.-Ata-dos-Trabalhos-Realizados-na-Vota\u00e7\u00e3o.pdf"},{"file_uploaded":2824,"document_name":"Ata de Apura\u00e7\u00e3o de Votos","link":"https:\/\/transparencia.cfp.org.br\/crp18\/wp-content\/uploads\/sites\/12\/2019\/04\/03.-Ata-de-Apura\u00e7\u00e3o-de-Votos.pdf"},{"file_uploaded":2825,"document_name":"Mapa de Apura\u00e7\u00e3o dos votos","link":"https:\/\/transparencia.cfp.org.br\/crp18\/wp-content\/uploads\/sites\/12\/2019\/04\/04.-Mapa-de-Apura\u00e7\u00e3o-de-Votos.pdf"}],"titulo":"ELEI\u00c7\u00d5ES 2019","conteudo":"Documentos referentes ao processo eleitoral realizado pelo CRP-18 (MT) \u2013 ANO 2019\n\n"}