
{"id":4842,"slug":"cadastro-de-mediadores-da-comissao-de-meio-de-solucao-consensual-de-conflitos-cmcc-no-ambito-da-coe-comissao-de-etica-edital-no-03-2025-crp-mt","link":"https:\/\/transparencia.cfp.org.br\/crp18\/concurso\/cadastro-de-mediadores-da-comissao-de-meio-de-solucao-consensual-de-conflitos-cmcc-no-ambito-da-coe-comissao-de-etica-edital-no-03-2025-crp-mt\/","class_list":["post-4842","concurso","type-concurso","status-publish","hentry"],"titulo":"Processo de Sele\u00e7\u00e3o de Mediador(a) Independente \u2013 Edital n\u00ba 03\/2025\/CRP\/MT","conteudo":"A Presidenta do CONSELHO REGIONAL DE PSICOLOGIA DE MATO GROSSO \u2013 CRP\/MT, no uso de suas atribui\u00e7\u00f5es legais torna p\u00fablica a realiza\u00e7\u00e3o de abertura de sele\u00e7\u00e3o de mediador independente para investidura tempor\u00e1ria, de acordo com as normas constantes neste edital\n","documentos":[{"file_uploaded":4843,"document_name":"1.-Edital-no-03_2025_CRP_MT-para-a-selecao-de-mediadores-independentes","link":"https:\/\/transparencia.cfp.org.br\/crp18\/wp-content\/uploads\/sites\/12\/2025\/07\/1.-Edital-no-03_2025_CRP_MT-para-a-selecao-de-mediadores-independentes-1.pdf"},{"file_uploaded":4844,"document_name":"2.-alteracao-da-data-de-Divulgacao-do-resultado-das-inscricoes-selecao-de-mediadores","link":"https:\/\/transparencia.cfp.org.br\/crp18\/wp-content\/uploads\/sites\/12\/2025\/07\/2.-alteracao-da-data-de-Divulgacao-do-resultado-das-inscricoes-selecao-de-mediadores-CRP-18_-2025.pdf"},{"file_uploaded":4845,"document_name":"3.-Divulgacao-do-resultado-das-inscricoes-selecao-de-mediadores","link":"https:\/\/transparencia.cfp.org.br\/crp18\/wp-content\/uploads\/sites\/12\/2025\/07\/3.-Divulgacao-do-resultado-das-inscricoes-selecao-de-mediadores-CRP-18_-2025.pdf"},{"file_uploaded":4848,"document_name":"4. Retifica\u00e7\u00e3o do edital n\u00b0 03-2025 CRP-MT.docx","link":"https:\/\/transparencia.cfp.org.br\/crp18\/wp-content\/uploads\/sites\/12\/2025\/07\/4.-retificacao-do-edital-n\u00b0-03-2025-CRP-MT.docx.pdf"},{"file_uploaded":4849,"document_name":"5. Divulga\u00e7\u00e3o raz\u00f5es do indeferimento","link":"https:\/\/transparencia.cfp.org.br\/crp18\/wp-content\/uploads\/sites\/12\/2025\/07\/5.-Divulgacao-razoes-do-indeferimento.pdf"},{"file_uploaded":4850,"document_name":"6. An\u00e1lise de Recurso","link":"https:\/\/transparencia.cfp.org.br\/crp18\/wp-content\/uploads\/sites\/12\/2025\/07\/6._Resultado_do_recurso.pdf"},{"file_uploaded":4855,"document_name":"7. Resultado da 2 fase e classificados para entrevista","link":"https:\/\/transparencia.cfp.org.br\/crp18\/wp-content\/uploads\/sites\/12\/2025\/07\/7.-Resultado_da_2-_fase_e_classificados_para_entrevista.pdf"},{"file_uploaded":4874,"document_name":"Resultado Final","link":"https:\/\/transparencia.cfp.org.br\/crp18\/wp-content\/uploads\/sites\/12\/2025\/07\/8._Resultado_final_.docx_assinado.pdf"}]}