
{"id":2723,"slug":"plano-de-trabalho-acao-2019","link":"https:\/\/transparencia.cfp.org.br\/crp17\/planejamento\/plano-de-trabalho-acao-2019\/","class_list":["post-2723","planejamento","type-planejamento","status-publish","hentry","planejamento_relatorio-planos-de-acao-e-orcamento"],"documentos":[{"file_uploaded":2795,"document_name":"Plano de Trabalho\/A\u00e7\u00e3o 2019","link":"https:\/\/transparencia.cfp.org.br\/crp17\/wp-content\/uploads\/sites\/14\/2018\/09\/IV-PLEN\u00c1RIO-PLANO-DE-TRABALHO-2019.pdf"}],"_planejamento_relatorio":[{"id":26,"nome":"Planos de A\u00e7\u00e3o e Or\u00e7amento","slug":"planos-de-acao-e-orcamento","link":"https:\/\/dev-transparencia.cfp.org.br\/wp-json\/wp\/v2\/planejamento?planejamentorelatorio=planos-de-acao-e-orcamento"}],"titulo":"Plano de Trabalho\/A\u00e7\u00e3o 2019","conteudo":"As principais frentes de trabalho pensadas para o Plano de Trabalho\/A\u00e7\u00f5es de 2019 est\u00e3o alicer\u00e7adas nas delibera\u00e7\u00f5es do 9\u00ba CNP. Os Eixos delineadores, est\u00e3o afinados com as a\u00e7\u00f5es integradas do Sistema Conselhos de Psicologia e norteadas pelo cumprimento das propostas da Gest\u00e3o \u201cCUIDAR RESISTIR TRANSFORMAR\u201d.\n"}