
{"id":3797,"slug":"nota-de-orientacao-sobre-questoes-etnico-raciais-no-ambito-do-crp-17-rn","link":"https:\/\/transparencia.cfp.org.br\/crp17\/legislacao\/nota-de-orientacao-sobre-questoes-etnico-raciais-no-ambito-do-crp-17-rn\/","class_list":["post-3797","legislacao","type-legislacao","status-publish","hentry","legislacao_categoria-notas-tecnicas"],"titulo":"Nota de orienta\u00e7\u00e3o sobre  quest\u00f5es \u00e9tnico-raciais no \u00e2mbito do CRP-17\/RN","conteudo":"Disp\u00f5e sobre orienta\u00e7\u00f5es \u00e0s psic\u00f3logas(os) que s\u00e3o convocados a falar sobre quest\u00f5es \u00e9tnico-raciais no \u00e2mbito do CRP-17\/RN.\n","documentos":[{"file_uploaded":3798,"document_name":"NOTA ORIENTATIVA CRP-17 N\u00ba 01, DE 20 DE AGOSTO DE 2022 ","link":"https:\/\/transparencia.cfp.org.br\/crp17\/wp-content\/uploads\/sites\/14\/2022\/09\/NOTA-ORIENTATIVA-CRP-17-No-01-DE-20-DE-AGOSTO-DE-2022.pdf"}],"_legislacao_categoria":[{"id":23,"nome":"Notas t\u00e9cnicas","slug":"notas-tecnicas","link":"https:\/\/dev-transparencia.cfp.org.br\/wp-json\/wp\/v2\/legislacao?legislacaocategoria=notas-tecnicas"}]}