
{"id":973,"slug":"oficios-de-homologacao-das-chapas-regionais-2016","link":"https:\/\/transparencia.cfp.org.br\/crp17\/eleicao\/oficios-de-homologacao-das-chapas-regionais-2016\/","class_list":["post-973","eleicao","type-eleicao","status-publish","hentry"],"documentos":[{"file_uploaded":1741,"document_name":"Of\u00edcio-Circ.-n\u00b0-021\/CFP-divulga\u00e7\u00e3o-chapas-DOU-e-sites-para-CREs-e-CRPs","link":"https:\/\/transparencia.cfp.org.br\/crp17\/wp-content\/uploads\/sites\/14\/2016\/11\/Of\u00edcio-Circ.-n\u00b0-021-divulga\u00e7\u00e3o-chapas-DOU-e-sites-para-CREs-e-CRPs.pdf"},{"file_uploaded":1742,"document_name":"Publica\u00e7\u00e3o Di\u00e1rio Oficial da Uni\u00e3o - Chapas Deferidas","link":"https:\/\/transparencia.cfp.org.br\/crp17\/wp-content\/uploads\/sites\/14\/2016\/11\/Edital-Chada-CUIDAR-RESISTIR-TRANSFORMAR.pdf"},{"file_uploaded":1745,"document_name":"Publica\u00e7\u00e3o Di\u00e1rio Oficial da Uni\u00e3o - Chapas aptas a consulta nacional","link":"https:\/\/transparencia.cfp.org.br\/crp17\/wp-content\/uploads\/sites\/14\/2016\/06\/EDITAL-DE-DEFERIMENTO-DE-CHAPAS-2016-1.pdf"}],"titulo":"Registro da chapa do regional do RN \u2013 2016","conteudo":"Of\u00edcios e Publica\u00e7\u00e3o no Di\u00e1rio Oficial da Uni\u00e3o de registro\u00a0de chapa para elei\u00e7\u00e3o de 2016 dos Conselhos Regionais de Psicologia\u00a0da 17\u00aa Regi\u00e3o \u2013 CRP-17\/RN.\n"}