
{"id":4318,"slug":"deflagracao-processo-eleitoral-2025-2028","link":"https:\/\/transparencia.cfp.org.br\/crp17\/eleicao\/deflagracao-processo-eleitoral-2025-2028\/","class_list":["post-4318","eleicao","type-eleicao","status-publish","hentry"],"documentos":[{"file_uploaded":4320,"document_name":"edital convoca\u00e7\u00e3o - DOU","link":"https:\/\/transparencia.cfp.org.br\/crp17\/wp-content\/uploads\/sites\/14\/2024\/09\/edital_DOU_versao_certificada-1.pdf"},{"file_uploaded":4321,"document_name":"edital convoca\u00e7\u00e3o - Tribuna do Norte","link":"https:\/\/transparencia.cfp.org.br\/crp17\/wp-content\/uploads\/sites\/14\/2024\/09\/edital-Tribuna-do-norte.pdf"},{"file_uploaded":4335,"document_name":"Ata da Assembleia Geral extraordin\u00e1ria - 19\/10\/2024","link":"https:\/\/transparencia.cfp.org.br\/crp17\/wp-content\/uploads\/sites\/14\/2024\/09\/SEI_1874863_Ata_de_Reuniao-4.pdf"},{"file_uploaded":4336,"document_name":"edital convoca\u00e7\u00e3o - DOU - 2\u00aa assembleia eleitoral","link":"https:\/\/transparencia.cfp.org.br\/crp17\/wp-content\/uploads\/sites\/14\/2024\/09\/DOU-2a-assembleia-eleitoral.pdf"},{"file_uploaded":4342,"document_name":"Ata da Assembleia Geral extraordin\u00e1ria - 23\/11\/2024","link":"https:\/\/transparencia.cfp.org.br\/crp17\/wp-content\/uploads\/sites\/14\/2024\/09\/SEI_1928960_Ata_de_Reuniao.pdf"},{"file_uploaded":4537,"document_name":"Portaria","link":"https:\/\/transparencia.cfp.org.br\/crp17\/wp-content\/uploads\/sites\/14\/2024\/09\/SEI_1951648_Portaria___CRP17_23_2024-1.pdf"},{"file_uploaded":4538,"document_name":"Edital convoca\u00e7\u00e3o das chapas","link":"https:\/\/transparencia.cfp.org.br\/crp17\/wp-content\/uploads\/sites\/14\/2024\/09\/Edital-convocacao-das-chapas-publicacao-certificada.pdf"},{"file_uploaded":4539,"document_name":"Deferimento das chapas","link":"https:\/\/transparencia.cfp.org.br\/crp17\/wp-content\/uploads\/sites\/14\/2024\/09\/Edital_de_Deferimento_de_Chapas_Regionais_2025.docx_assinado.pdf"},{"file_uploaded":4540,"document_name":"Apura\u00e7\u00e3o e resultado","link":"https:\/\/transparencia.cfp.org.br\/crp17\/wp-content\/uploads\/sites\/14\/2024\/09\/ATA_DE_APURACAO_merged.pdf"}],"titulo":"Processo Eleitoral 2025-2028","conteudo":"Para manter-se atualizado(a), acesse: https:\/\/crprn.org.br\/eleicoes-2025\/\n\nEDITAL DE CONVOCA\u00c7\u00c3O\nASSEMBLEIA EXTRAORDIN\u00c1RIA\nO Conselho Regional de Psicologia 17\u00aa Regi\u00e3o \u2013 RN, atrav\u00e9s de sua presidente, a Psic\u00f3loga\nFl\u00e1via Alves da Silva, CRP-17\/4967, no uso de suas atribui\u00e7\u00f5es legais e regimentais, conferidas pela Lei n\u00ba\n5.766\/71, regulamentada pelo Decreto n\u00ba 79.822\/77, CONVOCA as (os) psic\u00f3logas (os) da jurisdi\u00e7\u00e3o do Rio\nGrande do Norte que estejam devidamente inscritos, em pleno gozo de seus direitos, para uma\nAssembleia Geral Extraordin\u00e1ria, a ser realizada virtualmente pela plataforma Google Meet, dia 19 de\noutubro de 2024, \u00e0s 9h, em primeira convoca\u00e7\u00e3o com a maioria absoluta de seus integrantes, e \u00e0s 9h30,\nem segunda convoca\u00e7\u00e3o com qualquer n\u00famero de psic\u00f3logas(os). A inscri\u00e7\u00e3o pr\u00e9via ser\u00e1 entre as datas\nde 1\u00ba a 14 de outubro, a ser divulgada amplamente no site www.crprn.org.br e pelas redes sociais:\nFacebook\/Conselho Regional de Psicologia do RN e Instagram(@crprn17). O formato remoto ter\u00e1 250\nvagas divididas da seguinte forma: 240 vagas para psic\u00f3logas(os) e 10 para a equipe de apoio do\nConselho. O momento ter\u00e1 a Ordem do Dia: Deflagra\u00e7\u00e3o do processo eleitoral 2025 e elei\u00e7\u00e3o da Comiss\u00e3o\nRegional Eleitoral.\n\nNatal, 18 de setembro de 2024.\nFL\u00c1VIA ALVES DA SILVA\nPresidenta do CRP-17\/RN\nhttps:\/\/www.in.gov.br\/web\/dou\/-\/edital-de-convocacao-585277790\n\nEDITAL DE CONVOCA\u00c7\u00c3O \u2013 2\u00aa assembleia\nASSEMBLEIA EXTRAORDIN\u00c1RIA\nO Conselho Regional de Psicologia 17\u00aa Regi\u00e3o \u2013 RN, atrav\u00e9s de sua presidente,\na Psic\u00f3loga Fl\u00e1via Alves da Silva, CRP-17\/4967, no uso de suas atribui\u00e7\u00f5es legais e\nregimentais, conferidas pela Lei n\u00ba 5.766\/71, regulamentada pelo Decreto n\u00ba 79.822\/77,\nCONVOCA as (os) psic\u00f3logas (os) da jurisdi\u00e7\u00e3o do Rio Grande do Norte que estejam\ndevidamente inscritos, em pleno gozo de seus direitos, para a segunda Assembleia Geral\nExtraordin\u00e1ria, com objetivo de compor a Comiss\u00e3o Regional Eleitoral (CRE), a ser realizada\nvirtualmente pela plataforma Google Meet, dia 23 de novembro de 2024, \u00e0s 9h, em\nprimeira convoca\u00e7\u00e3o com a maioria absoluta de seus integrantes, e \u00e0s 9h30, em segunda\nconvoca\u00e7\u00e3o com qualquer n\u00famero de psic\u00f3logas(os). A inscri\u00e7\u00e3o pr\u00e9via ser\u00e1 entre as datas\nde 28\/10 a 08\/11\/2024 por meio do link:\u00a0https:\/\/forms.gle\/oTWQ8brncq6PtKs56 . O\nformato remoto ter\u00e1 250 vagas divididas da seguinte forma: 240 vagas para psic\u00f3logas(os)\ne 10 para a equipe de apoio do Conselho. O momento ter\u00e1 a Ordem do Dia: Deflagra\u00e7\u00e3o\ndo processo eleitoral 2025 e elei\u00e7\u00e3o da Comiss\u00e3o Regional Eleitoral.\nNatal, 22 de outubro de 2024.\nFL\u00c1VIA ALVES DA SILVA\nPresidenta\n\n\u2014\u2014\u2014\u2014\u2014\u2014\u2014\u2014\u2014\u2014\u2014\u2014\u2014\u2014\u2014\u2014\u2014\u2014\u2014\u2014\u2014\u2014\u2014\u2014\u2014\u2014\u2014\u2014\u2014\u2014\u2014\u2014\u2014\u2014\u2014\u2014\u2014\u2014\u2014\u2014\u2014\u2014\u2014\u2014\u2014\u2014\nO\u00a0processo eleitoral de 2025\u00a0tem como finalidade a elei\u00e7\u00e3o dos membros dos Conselhos Regionais de Psicologia (CRPs) e a consulta dos membros do Conselho Federal de Psicologia (CFP), regido pela\u00a0Resolu\u00e7\u00e3o CFP N\u00ba 10\/2024\u00a0.\nCada Conselho Regional nomear\u00e1 uma Comiss\u00e3o Regional Eleitoral (CRE), integrada por psic\u00f3logas(os) n\u00e3o conselheiras, respons\u00e1vel pela execu\u00e7\u00e3o do processo eleitoral e pelo processamento de requerimentos das chapas concorrentes \u00e0 gest\u00e3o 2025-2028 de cada \u00f3rg\u00e3o.\nA nomea\u00e7\u00e3o da Comiss\u00e3o Regional Eleitoral do CRP-17\/RN acontece na Assembleia Geral Extraordin\u00e1ria agendada para o dia 23 de novembro de 2024, \u00e0s 9h, no formato remoto com inscri\u00e7\u00e3o pr\u00e9via entre as datas de 28 de outubro a 08 de novembro, via link de inscri\u00e7\u00e3o disponibilizado aqui. O formato remoto ter\u00e1 250 vagas divididas da seguinte forma: 240 vagas para psic\u00f3logas(os) e 10 para a equipe de apoio do Conselho. O momento ter\u00e1 a Ordem do Dia: Deflagra\u00e7\u00e3o do processo eleitoral 2025 e elei\u00e7\u00e3o da Comiss\u00e3o Regional Eleitoral\nDe acordo com a Resolu\u00e7\u00e3o do CFP n\u00b0 10\/2024, a Comiss\u00e3o Regional Eleitoral (CRE) \u00e9 constitu\u00edda para garantir que o processo eleitoral ocorra observando princ\u00edpios fundamentais com destaque para a publicidade, transpar\u00eancia, isonomia, liberdade de express\u00e3o, respeito pelas diferen\u00e7as ideol\u00f3gicas, organiza\u00e7\u00e3o e efic\u00e1cia do devido processo legal, de modo que a categoria seja atendida em seus direitos.\n\u00a0\nMembros Efetivos (titulares):\n\nMembro Titular e Presidente \u2013 Shirley Magn\u00f3lia Baumgartner C\u00e2mara de Oliveira CRP-17\/1886\nMembro Titular \u2013 Adriane Fernandes de Ara\u00fajo 17\/4045\nMembro Titular \u2013 Zacarias Ramalho Silv\u00e9rio 17\/2427\n\nMembros Suplentes:\n\nMembro Suplente \u2013 Hemerson Mateus Souza Costa 17\/6126\nMembro Suplente \u2013 Nadiele Piedade Franca da Silva 17\/6737\nMembro Suplente \u2013 Priscylla de Almeida 17\/4274\n\n\u00a0\n"}