
{"id":2742,"slug":"registro-da-chapa-do-regional-do-rn-2019","link":"https:\/\/transparencia.cfp.org.br\/crp17\/eleicao\/registro-da-chapa-do-regional-do-rn-2019\/","class_list":["post-2742","eleicao","type-eleicao","status-publish","hentry"],"documentos":[{"file_uploaded":2743,"document_name":"Edital de convoca\u00e7\u00e3o das chapas - DOU","link":"https:\/\/transparencia.cfp.org.br\/crp17\/wp-content\/uploads\/sites\/14\/2019\/03\/publicado-DOU-convoca\u00e7\u00e3o-chapas.pdf"},{"file_uploaded":2744,"document_name":"Edital de convoca\u00e7\u00e3o das chapas - TRIBUNA DO NORTE","link":"https:\/\/transparencia.cfp.org.br\/crp17\/wp-content\/uploads\/sites\/14\/2019\/03\/publicado-Tribuna-convoca\u00e7\u00e3o-chapas.pdf"},{"file_uploaded":2769,"document_name":"EDITAL DE DEFERIMENTO DE CHAPA REGIONAL","link":"https:\/\/transparencia.cfp.org.br\/crp17\/wp-content\/uploads\/sites\/14\/2019\/03\/DOU-aviso-chapa-apta-elei\u00e7\u00e3o.pdf"}],"titulo":"Registro da chapa do regional do RN \u2013 2019","conteudo":"Of\u00edcios e Publica\u00e7\u00f5es no Di\u00e1rio Oficial da Uni\u00e3o relativos a registro de chapa para elei\u00e7\u00e3o de 2019 do Conselho Regional de Psicologia da 17\u00aa Regi\u00e3o \u2013 CRP-17\/RN.\n"}