
{"id":3472,"slug":"portarias-2020-crp16-es","link":"https:\/\/transparencia.cfp.org.br\/crp16\/legislacao\/portarias-2020-crp16-es\/","class_list":["post-3472","legislacao","type-legislacao","status-publish","hentry","legislacao_categoria-portarias-do-crp16es"],"titulo":"Portarias 2020 CRP16\/ES","conteudo":"Portaria 020.2020 \u2013 Prorroga a portaria CRP16 018\/2020\n","documentos":[{"file_uploaded":3473,"document_name":"Portaria 001.2020 - Nomeia equipe de apoio para preg\u00f5es","link":"https:\/\/transparencia.cfp.org.br\/crp16\/wp-content\/uploads\/sites\/18\/2020\/01\/Portaria-001.2020-Nomeia-equipe-de-apoio-para-pregoes.pdf"},{"file_uploaded":3488,"document_name":"Portaria 002.2020 - Cria\u00e7\u00e3o, extin\u00e7\u00e3o de cargos e aprova\u00e7\u00e3o de organograma com descri\u00e7\u00e3o","link":"https:\/\/transparencia.cfp.org.br\/crp16\/wp-content\/uploads\/sites\/18\/2020\/01\/Portaria-002.2020-Cria\u00e7\u00e3o-extin\u00e7\u00e3o-de-cargos-e-aprova\u00e7\u00e3o-de-orgnaograma-com-descri\u00e7\u00e3o.pdf"},{"file_uploaded":3489,"document_name":"Portaria 003.2020 - Funcionamento CRP16 COVID","link":"https:\/\/transparencia.cfp.org.br\/crp16\/wp-content\/uploads\/sites\/18\/2020\/01\/Portaria-003.2020-Funcionamento-CRP16-COVID.pdf"},{"file_uploaded":3490,"document_name":"Portaria 004.2020 - Videochamadas e grupos","link":"https:\/\/transparencia.cfp.org.br\/crp16\/wp-content\/uploads\/sites\/18\/2020\/01\/Portaria-004.2020-Videochamadas-e-grupos.pdf"},{"file_uploaded":3512,"document_name":"Portaria 005.2020 - Prorroga\u00e7\u00e3o portaria 003\/2020","link":"https:\/\/transparencia.cfp.org.br\/crp16\/wp-content\/uploads\/sites\/18\/2020\/01\/Portaria-005.2020-prorroga-portaria-003.2020-1.pdf"},{"file_uploaded":3513,"document_name":"Portaria 006.2020 - Nomea\u00e7\u00e3o de Ger\u00eancia T\u00e9cnica","link":"https:\/\/transparencia.cfp.org.br\/crp16\/wp-content\/uploads\/sites\/18\/2020\/01\/Portaria-006.2020-nomeacao-juliana-brunoro.pdf"},{"file_uploaded":3519,"document_name":"Portaria 007.2020 - Prorroga\u00e7\u00e3o portaria 003\/2020","link":"https:\/\/transparencia.cfp.org.br\/crp16\/wp-content\/uploads\/sites\/18\/2020\/01\/Portaria-007.2020-prorroga-portaria-003.2020-ate-maio.pdf"},{"file_uploaded":3616,"document_name":"Portaria 008.2020 - Prorroga\u00e7\u00e3o portaria 003\/2020","link":"https:\/\/transparencia.cfp.org.br\/crp16\/wp-content\/uploads\/sites\/18\/2020\/01\/Portaria-008.2020-prorroga-portaria-003.2020.pdf"},{"file_uploaded":3618,"document_name":"Portaria 009.2020 - Recomposi\u00e7\u00e3o do VI Pleno e Diretoria","link":"https:\/\/transparencia.cfp.org.br\/crp16\/wp-content\/uploads\/sites\/18\/2020\/01\/Portaria-009.2020-recomposi\u00e7\u00e3o.pdf"},{"file_uploaded":3620,"document_name":"Portaria 010.2020 - Prorroga\u00e7\u00e3o portaria 003\/2020","link":"https:\/\/transparencia.cfp.org.br\/crp16\/wp-content\/uploads\/sites\/18\/2020\/01\/Portaria-010.2020-prorroga-portaria-003.2020-1.pdf"},{"file_uploaded":3627,"document_name":"Portaria 011.2020 - Prorroga\u00e7\u00e3o portaria 003\/2020","link":"https:\/\/transparencia.cfp.org.br\/crp16\/wp-content\/uploads\/sites\/18\/2020\/01\/Portaria-011.2020-prorroga-portaria-003.2020.pdf"},{"file_uploaded":3644,"document_name":"Portaria 012.2020 - T\u00edtulo de Especialista","link":"https:\/\/transparencia.cfp.org.br\/crp16\/wp-content\/uploads\/sites\/18\/2020\/01\/Portaria-012.2020-T\u00edtulo-de-especialista.pdf"},{"file_uploaded":3648,"document_name":"Portaria 013.2020 - Recomposi\u00e7\u00e3o da COF","link":"https:\/\/transparencia.cfp.org.br\/crp16\/wp-content\/uploads\/sites\/18\/2020\/01\/Portaria-013.2020-recomposicao-COF-1.pdf"},{"file_uploaded":3651,"document_name":"Portaria 014.2020 - Recomposi\u00e7\u00e3o do VI Pleno","link":"https:\/\/transparencia.cfp.org.br\/crp16\/wp-content\/uploads\/sites\/18\/2020\/01\/Portaria-014.2020-recomposicao-2.pdf"},{"file_uploaded":3661,"document_name":"Portaria 015.2020 - Composi\u00e7\u00e3o de comiss\u00e3o de representa\u00e7\u00e3o","link":"https:\/\/transparencia.cfp.org.br\/crp16\/wp-content\/uploads\/sites\/18\/2020\/01\/Portaria-015.2020-formacao-comissao-PDE.pdf"},{"file_uploaded":3684,"document_name":"Portaria 016.2020 - Altera a portaria 003\/2020 e d\u00e1 outras provid\u00eancias","link":"https:\/\/transparencia.cfp.org.br\/crp16\/wp-content\/uploads\/sites\/18\/2020\/01\/Portaria-016.2020-altera-portaria-003.2020-retomada-parcial-das-atividades.pdf"},{"file_uploaded":3688,"document_name":"Portaria 017.2020 - Procedimentos Remotos COF","link":"https:\/\/transparencia.cfp.org.br\/crp16\/wp-content\/uploads\/sites\/18\/2020\/01\/Portaria-017.2020-Procedimentos-Remotos-COF.pdf"},{"file_uploaded":3731,"document_name":"Portaria 018\/2020 - Altera a portaria 003\/2020 e d\u00e1 outras provid\u00eancias","link":"https:\/\/transparencia.cfp.org.br\/crp16\/wp-content\/uploads\/sites\/18\/2020\/01\/Portaria-018.2020-altera-portaria-003.2020-Retomada-parcial-das-atividades-1-1.pdf"},{"file_uploaded":3735,"document_name":"Portaria 019\/2020 - Nomea\u00e7\u00e3o tempor\u00e1ria de Assistente Administrativo","link":"https:\/\/transparencia.cfp.org.br\/crp16\/wp-content\/uploads\/sites\/18\/2020\/01\/Portaria-019.2020-Nomeacao-temporaria-Denner-Silva.pdf"},{"file_uploaded":"","document_name":"Portaria 020\/2020 - Altera a portaria 003\/2020 e d\u00e1 outras provid\u00eancias","link":"https:\/\/transparencia.cfp.org.br\/crp16\/wp-content\/uploads\/sites\/18\/2020\/01\/Portaria-019.2020-Nomeacao-temporaria-Denner-Silva.pdf"},{"file_uploaded":3800,"document_name":"Portaria 021\/2020 - Exonera\u00e7\u00e3o de Gerente Administrativo e Financeiro","link":"https:\/\/transparencia.cfp.org.br\/crp16\/wp-content\/uploads\/sites\/18\/2020\/01\/Portaria-021.2020-Exoneracao-Elainne.pdf"}],"_legislacao_categoria":[{"id":44,"nome":"Portarias do CRP16\/ES","slug":"portarias-do-crp16es","link":"https:\/\/dev-transparencia.cfp.org.br\/wp-json\/wp\/v2\/legislacao?legislacaocategoria=portarias-do-crp16es"}]}