
{"id":3263,"slug":"convocatorias","link":"https:\/\/transparencia.cfp.org.br\/crp16\/legislacao\/convocatorias\/","class_list":["post-3263","legislacao","type-legislacao","status-publish","hentry"],"titulo":"Convocat\u00f3rias","conteudo":"","documentos":[{"file_uploaded":3266,"document_name":"CONVOCA\u00c7\u00c3O PARA ASSEMBLEIA GERAL ORDIN\u00c1RIA DAS (OS) PSIC\u00d3LOGAS (OS) DO ESP\u00cdRITO SANTO","link":"https:\/\/transparencia.cfp.org.br\/crp16\/wp-content\/uploads\/sites\/18\/2019\/06\/Edital_de_convocacao_Assemb_06_07_2019.pdf"},{"file_uploaded":4193,"document_name":"CONVOCA\u00c7\u00c3O PARA ASSEMBLEIA GERAL EXTRAORDIN\u00c1RIA DAS (OS) PSIC\u00d3LOGAS (OS) DO ESP\u00cdRITO SANTO","link":"https:\/\/transparencia.cfp.org.br\/crp16\/wp-content\/uploads\/sites\/18\/2019\/06\/Convocatoria-Assembleia-CRP16-17.01.2022.pdf"}]}