
{"id":2140,"slug":"portarias-2017-crp16es","link":"https:\/\/transparencia.cfp.org.br\/crp16\/legislacao\/portarias-2017-crp16es\/","class_list":["post-2140","legislacao","type-legislacao","status-publish","hentry","legislacao_categoria-portarias-do-crp16es"],"titulo":"Portarias 2017 CRP16\/ES","conteudo":"","documentos":[{"file_uploaded":2143,"document_name":"N\u00ba 001\/2017 - Instaura Processo Administrativo de Responsabiliza\u00e7\u00e3o","link":"https:\/\/transparencia.cfp.org.br\/crp16\/wp-content\/uploads\/sites\/18\/2017\/06\/N\u00ba-001-2017-Instaura-Processo-Administrativo-de-Responsabiliza\u00e7\u00e3o.pdf"},{"file_uploaded":2144,"document_name":"N\u00ba 002\/2017 - Nomeia Gildete dos Santos Souza Oliveira para o Cargo de Assistente de Cobran\u00e7a","link":"https:\/\/transparencia.cfp.org.br\/crp16\/wp-content\/uploads\/sites\/18\/2017\/06\/N\u00ba-002-2017-Nomeia-Gildete-dos-Santos-Souza-Oliveira-para-o-Cargo-de-Assistente-de-Cobran\u00e7a.pdf"},{"file_uploaded":2145,"document_name":"N\u00ba 003\/2017 - Suspende atendimento na sede do CRP devido \u00e0 crise na Seguran\u00e7a P\u00fablica","link":"https:\/\/transparencia.cfp.org.br\/crp16\/wp-content\/uploads\/sites\/18\/2017\/06\/N\u00ba-003-2017-Suspende-atendimento-na-sede-do-CRP-devido-\u00e0-crise-na-Seguran\u00e7a-P\u00fablica.pdf"},{"file_uploaded":2148,"document_name":"N\u00ba 004\/2017 - Altera o hor\u00e1rio de atendimento ao p\u00fablico na sede do CRP","link":"https:\/\/transparencia.cfp.org.br\/crp16\/wp-content\/uploads\/sites\/18\/2017\/06\/N\u00ba-004-2017-Altera-o-hor\u00e1rio-de-atendimento-ao-p\u00fablico-na-sede-do-CRP.pdf"},{"file_uploaded":2152,"document_name":"N\u00ba 005\/2017 - Nomeia Andr\u00e9 Casotti Louzada para o Cargo de Assessor Jur\u00eddico do CRP16","link":"https:\/\/transparencia.cfp.org.br\/crp16\/wp-content\/uploads\/sites\/18\/2017\/06\/N\u00ba-005-2017-Nomeia-Andr\u00e9-Casotti-Louzada-para-o-Cargo-de-Assessor-Jur\u00eddico-do-CRP16.pdf"},{"file_uploaded":2170,"document_name":"N\u00ba 006\/2017 - Nomeia L\u00edgia Caroline Pereira Pimenta para a Fun\u00e7\u00e3o de Gerente de Pol\u00edticas e Gest\u00e3o de Pessoas","link":"https:\/\/transparencia.cfp.org.br\/crp16\/wp-content\/uploads\/sites\/18\/2017\/06\/N\u00ba-006-2017-Nomeia-L\u00edgia-Caroline-Pereira-Pimenta-para-a-Fun\u00e7\u00e3o-de-Gerente-de-Pol\u00edticas-e-Gest\u00e3o-de-Pessoas.pdf"},{"file_uploaded":2195,"document_name":"N\u00ba 007\/2017 - Substitui\u00e7\u00e3o no Cargo de Vice-Presidente","link":"https:\/\/transparencia.cfp.org.br\/crp16\/wp-content\/uploads\/sites\/18\/2017\/06\/N\u00ba-007-2017-Substitui\u00e7\u00e3o-da-Vice-Presidenta.pdf"},{"file_uploaded":2204,"document_name":"N\u00ba 008 - 2017 - Indica a Funcion\u00e1ria Mayara R\u00fabia da Silva Oliveira para substituir a Gerente Administrativa e Financeira durante f\u00e9rias","link":"https:\/\/transparencia.cfp.org.br\/crp16\/wp-content\/uploads\/sites\/18\/2017\/06\/N\u00ba-008-2017-Indica-a-Funcion\u00e1ria-Mayara-R\u00fabia-da-Silva-Oliveira-para-substituir-a-Gerente-Adminstrativa-e-Financeira-durante-f\u00e9rias.pdf"},{"file_uploaded":2209,"document_name":"N\u00ba 009\/2017 - Nomeia Odacyr Roberth Moura da Silva para o Cargo de Psic\u00f3logo T\u00e9cnico de Orienta\u00e7\u00e3o, Fiscaliza\u00e7\u00e3o e \u00c9tica","link":"https:\/\/transparencia.cfp.org.br\/crp16\/wp-content\/uploads\/sites\/18\/2017\/06\/N\u00ba-009-2017-Nomeia-Odacyr-Roberth-Moura-da-Silva-para-o-Cargo-de-Psic\u00f3logo-T\u00e9cnico-de-Orienta\u00e7\u00e3o-Fiscaliza\u00e7\u00e3o-e-\u00c9tica-1.pdf"},{"file_uploaded":2210,"document_name":"N\u00ba 010\/2017 - Reintegra Fabr\u00edcia da Silva Lima Trazzi no Cargo de Psic\u00f3loga T\u00e9cnica de Orienta\u00e7\u00e3o, Fiscaliza\u00e7\u00e3o e \u00c9tica","link":"https:\/\/transparencia.cfp.org.br\/crp16\/wp-content\/uploads\/sites\/18\/2017\/06\/N\u00ba-010-2017-Reintegra-Fabr\u00edcia-da-Silva-Lima-Trazzi-no-Cargo-de-Psic\u00f3loga-T\u00e9cnica-de-Orienta\u00e7\u00e3o-Fiscaliza\u00e7\u00e3o-e-\u00c9tica-1.pdf"},{"file_uploaded":2211,"document_name":"N\u00ba 011\/2017 - Institui a Comiss\u00e3o Externa de Avalia\u00e7\u00e3o e Monitoramento Institucional (CEAMI) e Nomeia seus Integrantes","link":"https:\/\/transparencia.cfp.org.br\/crp16\/wp-content\/uploads\/sites\/18\/2017\/06\/N\u00ba-011-2017-Institui-a-Comiss\u00e3o-Externa-de-Avalia\u00e7\u00e3o-e-Monitoramento-Institucional-CEAMI-e-Nomeia-seus-Integrantes-1.pdf"},{"file_uploaded":2218,"document_name":"N\u00ba 012\/2017 - Exonera Cleidiane Tereza de Oliveira da Fun\u00e7\u00e3o de Gerente Administrativa e Financeira","link":"https:\/\/transparencia.cfp.org.br\/crp16\/wp-content\/uploads\/sites\/18\/2017\/06\/N\u00ba-012-2017-Exonera-Cleidiane-Tereza-de-Oliveira-da-Fun\u00e7\u00e3o-de-Gerente-Administrativa-e-Financeira.pdf"},{"file_uploaded":2219,"document_name":"N\u00ba 013\/2017 - Nomeia os Integrantes da Comiss\u00e3o de Direitos Humanos e da Comiss\u00e3o de Pol\u00edticas P\u00fablicas e Sociais","link":"https:\/\/transparencia.cfp.org.br\/crp16\/wp-content\/uploads\/sites\/18\/2017\/06\/N\u00ba-013-2017-Nomeia-os-Integrantes-da-CDH-e-CPOPS.pdf"},{"file_uploaded":2266,"document_name":"N\u00ba 014\/2017 - Altera a composi\u00e7\u00e3o da Comiss\u00e3o de Presta\u00e7\u00e3o de Contas do CRP16ES","link":"https:\/\/transparencia.cfp.org.br\/crp16\/wp-content\/uploads\/sites\/18\/2017\/06\/N\u00ba-014-2017-Altera-a-composi\u00e7\u00e3o-da-Comiss\u00e3o-de-Presta\u00e7\u00e3o-de-Contas-do-CRP.pdf"},{"file_uploaded":2267,"document_name":"N\u00ba 015\/2017 - Exonera Patr\u00edcia Mattos Caldeira Brant Littig ","link":"https:\/\/transparencia.cfp.org.br\/crp16\/wp-content\/uploads\/sites\/18\/2017\/06\/N\u00ba-015-2017-Exonera-Patr\u00edcia-Mattos-Caldeira-Brant-Littig.pdf"},{"file_uploaded":2268,"document_name":"N\u00ba 016\/2017 - Nomeia Elainne Maretto para exercer o cargo de Coordenadora Administrativa e Financeira do CRP","link":"https:\/\/transparencia.cfp.org.br\/crp16\/wp-content\/uploads\/sites\/18\/2017\/06\/N\u00ba-016-2017-Nomeia-Elainne-Maretto-para-exercer-o-cargo-de-Coordenadora-Administrativa-e-Financeira-do-CRP.pdf"},{"file_uploaded":2373,"document_name":"N\u00ba 017\/2017 - Altera a composi\u00e7\u00e3o da Comiss\u00e3o de Orienta\u00e7\u00e3o e Fiscaliza\u00e7\u00e3o do CRP16ES","link":"https:\/\/transparencia.cfp.org.br\/crp16\/wp-content\/uploads\/sites\/18\/2017\/06\/N\u00ba-017-2017-Altera-a-composi\u00e7\u00e3o-da-Comiss\u00e3o-de-Orienta\u00e7\u00e3o-e-Fiscaliza\u00e7\u00e3o.pdf"},{"file_uploaded":2374,"document_name":"N\u00ba 018\/2017 - Altera a composi\u00e7\u00e3o da Comiss\u00e3o de Sa\u00fade do CRP16ES","link":"https:\/\/transparencia.cfp.org.br\/crp16\/wp-content\/uploads\/sites\/18\/2017\/06\/N\u00ba-018-2017-Altera-a-composi\u00e7\u00e3o-da-Comiss\u00e3o-de-Sa\u00fade.pdf"},{"file_uploaded":2375,"document_name":"N\u00ba 019\/2017 - Altera a composi\u00e7\u00e3o da Comiss\u00e3o de Educa\u00e7\u00e3o do CRP16ES","link":"https:\/\/transparencia.cfp.org.br\/crp16\/wp-content\/uploads\/sites\/18\/2017\/06\/N\u00ba-019-2017-Altera-a-composi\u00e7\u00e3o-da-Comiss\u00e3o-de-Educa\u00e7\u00e3o.pdf"},{"file_uploaded":2376,"document_name":"N\u00ba 020\/2017 - Altera a composi\u00e7\u00e3o da Comiss\u00e3o de Orienta\u00e7\u00e3o e \u00c9tica do CRP16ES","link":"https:\/\/transparencia.cfp.org.br\/crp16\/wp-content\/uploads\/sites\/18\/2017\/06\/N\u00ba-020-2017-Altera-a-composi\u00e7\u00e3o-da-Comiss\u00e3o-de-Orienta\u00e7\u00e3o-e-\u00c9tica.pdf"},{"file_uploaded":2377,"document_name":"N\u00ba 021\/2017 - Altera a composi\u00e7\u00e3o da Comiss\u00e3o de Avalia\u00e7\u00e3o de T\u00edtulos de Especialistas do CRP16ES","link":"https:\/\/transparencia.cfp.org.br\/crp16\/wp-content\/uploads\/sites\/18\/2017\/06\/N\u00ba-021-2017-Altera-a-composi\u00e7\u00e3o-da-Comiss\u00e3o-de-Avalia\u00e7\u00e3o-de-T\u00edtulos-de-Especialistas.pdf"},{"file_uploaded":2378,"document_name":"N\u00ba 022\/2017 - Altera a composi\u00e7\u00e3o da Comiss\u00e3o de Direitos Humanos do CRP16ES","link":"https:\/\/transparencia.cfp.org.br\/crp16\/wp-content\/uploads\/sites\/18\/2017\/06\/N\u00ba-022-2017-Altera-a-composi\u00e7\u00e3o-da-Comiss\u00e3o-de-Direitos-Humanos.pdf"},{"file_uploaded":2379,"document_name":"N\u00ba 023\/2017 - Altera a composi\u00e7\u00e3o da Comiss\u00e3o de Presta\u00e7\u00e3o de Contas do CRP16ES","link":"https:\/\/transparencia.cfp.org.br\/crp16\/wp-content\/uploads\/sites\/18\/2017\/06\/N\u00ba-023-2017-Altera-a-composi\u00e7\u00e3o-da-Comiss\u00e3o-de-Presta\u00e7\u00e3o-de-Contas.pdf"},{"file_uploaded":2380,"document_name":"N\u00ba 024\/2017 - Exonera a pedido Odacyr Roberth Moura da Silva do Cargo de Psic\u00f3logo T\u00e9cnico de Orienta\u00e7\u00e3o, Fiscaliza\u00e7\u00e3o e \u00c9tica do CRP16ES","link":"https:\/\/transparencia.cfp.org.br\/crp16\/wp-content\/uploads\/sites\/18\/2017\/06\/N\u00ba-024-2017-Exonera-Odacyr-Roberth-Moura-da-Silva.pdf"},{"file_uploaded":2448,"document_name":"N\u00ba 025\/2017 - Altera a Composi\u00e7\u00e3o da Comiss\u00e3o de Orienta\u00e7\u00e3o e Fiscaliza\u00e7\u00e3o do CRP16ES","link":"https:\/\/transparencia.cfp.org.br\/crp16\/wp-content\/uploads\/sites\/18\/2017\/06\/N\u00ba-025-2017-Altera-a-Composi\u00e7\u00e3o-da-Comiss\u00e3o-de-Orienta\u00e7\u00e3o-e-Fiscaliza\u00e7\u00e3o.pdf"},{"file_uploaded":2449,"document_name":"N\u00ba 026\/2017 - Altera a Composi\u00e7\u00e3o da Comiss\u00e3o Permanente de Licita\u00e7\u00f5es - CPL do CRP16ES","link":"https:\/\/transparencia.cfp.org.br\/crp16\/wp-content\/uploads\/sites\/18\/2017\/06\/N\u00ba-026-2017-Altera-a-Composi\u00e7\u00e3o-da-Comiss\u00e3o-Permanente-de-Licita\u00e7\u00f5es.pdf"},{"file_uploaded":2450,"document_name":"N\u00ba 027\/2017 - Nomeia Jullyanne Heringer Cordeiro Ornelas para o Cargo de Psic\u00f3loga T\u00e9cnica de Orienta\u00e7\u00e3o, Fiscaliza\u00e7\u00e3o e \u00c9tica do CRP16ES","link":"https:\/\/transparencia.cfp.org.br\/crp16\/wp-content\/uploads\/sites\/18\/2017\/06\/N\u00ba-027-2017-Nomeia-Jullyanne-Heringer-Cordeiro-Ornelas.pdf"}],"_legislacao_categoria":[{"id":44,"nome":"Portarias do CRP16\/ES","slug":"portarias-do-crp16es","link":"https:\/\/dev-transparencia.cfp.org.br\/wp-json\/wp\/v2\/legislacao?legislacaocategoria=portarias-do-crp16es"}]}