
{"id":3980,"slug":"iv-plenario-do-conselho-regional-de-psicologia-da-16a-regiao-es-gestao-2013-2016","link":"https:\/\/transparencia.cfp.org.br\/crp16\/gestao\/iv-plenario-do-conselho-regional-de-psicologia-da-16a-regiao-es-gestao-2013-2016\/","class_list":["post-3980","gestao","type-gestao","status-publish","hentry"],"titulo":"IV Plen\u00e1rio do Conselho Regional de Psicologia da 16\u00aa Regi\u00e3o\/ES  \u2013 Gest\u00e3o 2013 \u2013 2016","conteudo":"Conselheiras\/os efetivas\/os\nAndr\u00e9a dos Santos Nascimento\nB\u00e1rbara Lara de Ara\u00fajo Mer\u00e7oni\nB\u00e1rbara de Souza Malvestio\nCleilson Teobaldo dos Reis\nHildiceia dos Santos Affonso\nJuliana Gomes de Figueiredo\nRebeca Valad\u00e3o Bussinger\nSheila de Oliveira Lopes da Silva\nWalter Lowal Braz Vieira\nConselheiras\/os suplentes\nFelipe Rafael Kosloski\nKarina de Andrade Fonseca\nPen\u00e9lope Zecchinelli Sampaio\nRebecca Fagundes e Costa\nVictor Hugo da Silva\n"}