
{"id":2901,"slug":"plenarias-eticas-de-julgamento-5","link":"https:\/\/transparencia.cfp.org.br\/crp16\/ata\/plenarias-eticas-de-julgamento-5\/","class_list":["post-2901","ata","type-ata","status-publish","hentry","ata_reuniao-plenaria-de-julgamento-etico"],"documentos":[{"file_uploaded":2906,"document_name":"PROCESSO \u00c9TICO JULGADO NO DIA 15 DE MAIO DE 2018","link":"https:\/\/transparencia.cfp.org.br\/crp16\/wp-content\/uploads\/sites\/18\/2018\/05\/PROCESSOS-\u00c9TICOS-JULGADOS-NO-DIA-15-DE-MAIO-DE-2018.pdf"},{"file_uploaded":2904,"document_name":"PROCESSO \u00c9TICO JULGADO NO DIA 15 DE MAIO DE 2018","link":"https:\/\/transparencia.cfp.org.br\/crp16\/wp-content\/uploads\/sites\/18\/2018\/07\/PROCESSOS-\u00c9TICOS-JULGADOS-NO-DIA-15-DE-MAIO-DE-2018.pdf"},{"file_uploaded":2907,"document_name":"PROCESSO \u00c9TICO JULGADO NO DIA 22 DE MAIO DE 2018","link":"https:\/\/transparencia.cfp.org.br\/crp16\/wp-content\/uploads\/sites\/18\/2018\/05\/PROCESSOS-\u00c9TICOS-JULGADOS-NO-DIA-22-DE-MAIO-DE-2018.pdf"},{"file_uploaded":2908,"document_name":"PROCESSO \u00c9TICO JULGADO NO DIA 29 DE MAIO DE 2018","link":"https:\/\/transparencia.cfp.org.br\/crp16\/wp-content\/uploads\/sites\/18\/2018\/05\/PROCESSOS-\u00c9TICOS-JULGADOS-NO-DIA-29-DE-MAIO-DE-2018.pdf"},{"file_uploaded":2909,"document_name":"PROCESSO \u00c9TICO JULGADO NO DIA 03 DE JULHO DE 2018","link":"https:\/\/transparencia.cfp.org.br\/crp16\/wp-content\/uploads\/sites\/18\/2018\/05\/PROCESSOS-\u00c9TICOS-JULGADOS-NO-DIA-03-DE-JULHO-DE-2018-1.pdf"},{"file_uploaded":2910,"document_name":"PROCESSO \u00c9TICO JULGADO NO DIA 28 DE AGOSTO DE 2018","link":"https:\/\/transparencia.cfp.org.br\/crp16\/wp-content\/uploads\/sites\/18\/2018\/05\/PROCESSOS-\u00c9TICOS-JULGADOS-NO-DIA-28-DE-AGOSTO-DE-2018.pdf"},{"file_uploaded":2911,"document_name":"PROCESSO \u00c9TICO JULGADO NO DIA 18 DE SETEMBRO DE 2018","link":"https:\/\/transparencia.cfp.org.br\/crp16\/wp-content\/uploads\/sites\/18\/2018\/05\/PROCESSOS-\u00c9TICOS-JULGADOS-NO-DIA-18-DE-SETEMBRO-DE-2018.pdf"},{"file_uploaded":3914,"document_name":"PROCESSO \u00c9TICO JULGADO NO DIA 03 DE DEZEMBRO DE 2018","link":"https:\/\/transparencia.cfp.org.br\/crp16\/wp-content\/uploads\/sites\/18\/2018\/09\/PROCESSO-ETICO-JULGADO-NO-DIA-03-DE-DEZEMBRO-DE-2018.pdf"}],"_ata_reuniao":[{"id":28,"nome":"Plen\u00e1ria de julgamento \u00e9tico","slug":"plenaria-de-julgamento-etico","link":"https:\/\/dev-transparencia.cfp.org.br\/wp-json\/wp\/v2\/ata?atareuniao=plenaria-de-julgamento-etico"}],"titulo":"PLEN\u00c1RIAS \u00c9TICAS DE JULGAMENTO 2018","conteudo":"As sess\u00f5es de julgamentos de processos disciplinares acontecem em Plen\u00e1rias Ordin\u00e1rias espec\u00edficas para esse fim, conforme disposto no C\u00f3digo de Processamento Disciplinar (Resolu\u00e7\u00e3o CFP n\u00ba 011\/2019), que determina que o conte\u00fado do processo \u00e9tico ter\u00e1 car\u00e1ter sigiloso.\n"}