
{"id":2386,"slug":"ata-da-173a-reuniao-plenaria-ordinaria","link":"https:\/\/transparencia.cfp.org.br\/crp16\/ata\/ata-da-173a-reuniao-plenaria-ordinaria\/","class_list":["post-2386","ata","type-ata","status-publish","hentry","ata_reuniao-plenaria"],"documentos":[{"file_uploaded":2388,"document_name":"Ata da 173\u00aa Reuni\u00e3o Plen\u00e1ria Ordin\u00e1ria","link":"https:\/\/transparencia.cfp.org.br\/crp16\/wp-content\/uploads\/sites\/18\/2017\/11\/173\u00aa-Plen\u00e1ria-Ordin\u00e1ria-1.pdf"}],"_ata_reuniao":[{"id":27,"nome":"Plen\u00e1ria","slug":"plenaria","link":"https:\/\/dev-transparencia.cfp.org.br\/wp-json\/wp\/v2\/ata?atareuniao=plenaria"}],"titulo":"Ata da 173\u00aa Reuni\u00e3o Plen\u00e1ria Ordin\u00e1ria","conteudo":"Ata da 173\u00aa Reuni\u00e3o Plen\u00e1ria Ordin\u00e1ria do Conselho Regional de Psicologia da 16\u00aa Regi\u00e3o, realizada no dia 03.10.2017\n"}