
{"id":2241,"slug":"ata-da-reuniao-realizada-com-mp-es","link":"https:\/\/transparencia.cfp.org.br\/crp16\/ata\/ata-da-reuniao-realizada-com-mp-es\/","class_list":["post-2241","ata","type-ata","status-publish","hentry","ata_reuniao-reunioes-externas"],"documentos":[{"file_uploaded":2242,"document_name":"Ata de Reuni\u00e3o MPES-COREN-CRP16","link":"https:\/\/transparencia.cfp.org.br\/crp16\/wp-content\/uploads\/sites\/18\/2017\/08\/REUNI\u00c3O-MINIST\u00c9RIO-P\u00daBLICO-ST-ISABEL-CRP-2015.pdf"}],"_ata_reuniao":[{"id":55,"nome":"Reuni\u00f5es Externas","slug":"reunioes-externas","link":"https:\/\/dev-transparencia.cfp.org.br\/wp-json\/wp\/v2\/ata?atareuniao=reunioes-externas"}],"titulo":"Ata de Reuni\u00e3o Externa","conteudo":"Reuni\u00e3o realizada em 27.10.2015 para an\u00e1lise dos relat\u00f3rios apresentados pelo CRP-16 e COREN, por ocasi\u00e3o de visita para desinstitucionaliza\u00e7\u00e3o dos pacientes de cl\u00ednica psiqui\u00e1trica localizada no sul do ES.\n"}