
{"id":1761,"slug":"156a-reuniao-plenaria-ordinaria","link":"https:\/\/transparencia.cfp.org.br\/crp16\/ata\/156a-reuniao-plenaria-ordinaria\/","class_list":["post-1761","ata","type-ata","status-publish","hentry","ata_reuniao-plenaria"],"documentos":[{"file_uploaded":1762,"document_name":"Ata da 156\u00aa Reuni\u00e3o Plen\u00e1ria Ordin\u00e1ria","link":"https:\/\/transparencia.cfp.org.br\/crp16\/wp-content\/uploads\/sites\/18\/2017\/05\/Ata-da-156\u00aa-Reuni\u00e3o-Plen\u00e1ria-Ordin\u00e1ria-dia-27.09.2016.pdf"}],"_ata_reuniao":[{"id":27,"nome":"Plen\u00e1ria","slug":"plenaria","link":"https:\/\/dev-transparencia.cfp.org.br\/wp-json\/wp\/v2\/ata?atareuniao=plenaria"}],"titulo":"156\u00aa Reuni\u00e3o Plen\u00e1ria Ordin\u00e1ria","conteudo":"Ata da 156\u00aa Reuni\u00e3o Plen\u00e1ria Ordin\u00e1ria do Conselho Regional de Psicologia da 16\u00aa Regi\u00e3o, ocorrida em 27\/09\/2016.\n"}