
{"id":1456,"slug":"plenarias-eticas-de-julgamento-3","link":"https:\/\/transparencia.cfp.org.br\/crp16\/ata\/plenarias-eticas-de-julgamento-3\/","class_list":["post-1456","ata","type-ata","status-publish","hentry","ata_reuniao-plenaria-de-julgamento-etico"],"documentos":[{"file_uploaded":1457,"document_name":"PROCESSO \u00c9TICO JULGADO NO DIA 06 DE MAR\u00c7O DE 2017","link":"https:\/\/transparencia.cfp.org.br\/crp16\/wp-content\/uploads\/sites\/18\/2017\/03\/PROCESSO-\u00c9TICO-JULGADO-NO-DIA-06-DE-MAR\u00c7O-DE-2017.pdf"},{"file_uploaded":2443,"document_name":"PROCESSO \u00c9TICO JULGADO NO DIA 09 DE MAIO DE 2017","link":"https:\/\/transparencia.cfp.org.br\/crp16\/wp-content\/uploads\/sites\/18\/2017\/03\/PROCESSO-ORDIN\u00c1RIO-JULGADO-NO-DIA-09-DE-MAIO-DE-2017.pdf"},{"file_uploaded":2444,"document_name":"PROCESSOS \u00c9TICOS JULGADOS NO DIA 12 DE SETEMBRO DE 2017","link":"https:\/\/transparencia.cfp.org.br\/crp16\/wp-content\/uploads\/sites\/18\/2017\/05\/PROCESSOS-\u00c9TICOS-JULGADOS-NO-DIA-12-DE-SETEMBRO-DE-2017.pdf"}],"_ata_reuniao":[{"id":28,"nome":"Plen\u00e1ria de julgamento \u00e9tico","slug":"plenaria-de-julgamento-etico","link":"https:\/\/dev-transparencia.cfp.org.br\/wp-json\/wp\/v2\/ata?atareuniao=plenaria-de-julgamento-etico"}],"titulo":"PLEN\u00c1RIAS \u00c9TICAS DE JULGAMENTO","conteudo":"As sess\u00f5es de julgamentos de processos disciplinares acontecem em Plen\u00e1rias Ordin\u00e1rias espec\u00edficas para esse fim, em atendimento ao Artigo 29 do C\u00f3digo de Processamento Disciplinar (Resolu\u00e7\u00e3o CFP n\u00ba 006\/2007), que determina que o conte\u00fado do processo \u00e9tico ter\u00e1 car\u00e1ter sigiloso.\n"}