
{"id":3084,"slug":"portaria-x-pl-crp-15-n-o-016-2023-conceder-ao-sr-fabricio-da-silva-lira-a-funcao-gratificada-de-gestor-administrativo-da-subsede","link":"https:\/\/transparencia.cfp.org.br\/crp15\/legislacao\/portaria-x-pl-crp-15-n-o-016-2023-conceder-ao-sr-fabricio-da-silva-lira-a-funcao-gratificada-de-gestor-administrativo-da-subsede\/","class_list":["post-3084","legislacao","type-legislacao","status-publish","hentry","legislacao_categoria-portarias-do-crp"],"titulo":"PORTARIA X PL CRP-15\/N.\u00ba 016\/2023 \u2013 Conceder ao Sr. Fabr\u00edcio da Silva Lira a Fun\u00e7\u00e3o Gratificada de Gestor Administrativo da Subsede","conteudo":"","documentos":[{"file_uploaded":3085,"document_name":"PORTARIA X PL CRP-15\/N.\u00ba 016\/2023, DE 22 DE MAR\u00c7O DE 2023 ","link":"https:\/\/transparencia.cfp.org.br\/crp15\/wp-content\/uploads\/sites\/28\/2023\/05\/PORTARIA-X-PL-CRP-15-N-016-2023-FUNCAO-GRATIFICADA-FABRICIO-LIRA.pdf"}],"_legislacao_categoria":[{"id":41,"nome":"Portarias do CRP","slug":"portarias-do-crp","link":"https:\/\/dev-transparencia.cfp.org.br\/wp-json\/wp\/v2\/legislacao?legislacaocategoria=portarias-do-crp"}]}