
{"id":7057,"slug":"balanco-orcamentario-2025","link":"https:\/\/transparencia.cfp.org.br\/crp14\/financa\/balanco-orcamentario-2025\/","class_list":["post-7057","financa","type-financa","status-publish","hentry","financa_demonstrativo-balanco-orcamentario"],"documentos":[{"file_uploaded":7058,"document_name":"Balan\u00e7o Or\u00e7ament\u00e1rio - 01\/2025","link":"https:\/\/transparencia.cfp.org.br\/crp14\/wp-content\/uploads\/sites\/7\/2025\/07\/SEI_2277393_Balanco_Orcamentario_JANEIRO___2025.pdf"},{"file_uploaded":7089,"document_name":"Balan\u00e7o Or\u00e7ament\u00e1rio - 02\/2025","link":"https:\/\/transparencia.cfp.org.br\/crp14\/wp-content\/uploads\/sites\/7\/2025\/07\/SEI_2277640_Balanco_Orcamentario_FEVEREIRO___2025.pdf"},{"file_uploaded":7098,"document_name":"Balan\u00e7o Or\u00e7ament\u00e1rio - 03\/2025","link":"https:\/\/transparencia.cfp.org.br\/crp14\/wp-content\/uploads\/sites\/7\/2025\/07\/SEI_2277765_Balanco_Orcamentario_MARCO___2025.pdf"},{"file_uploaded":7302,"document_name":"Balan\u00e7o Or\u00e7ament\u00e1rio - 04\/2025","link":"https:\/\/transparencia.cfp.org.br\/crp14\/wp-content\/uploads\/sites\/7\/2025\/07\/CRP-BALANCO-ORCAMENTARIO-ABRIL-2025.pdf"},{"file_uploaded":7303,"document_name":"Balan\u00e7o Or\u00e7ament\u00e1rio - 05\/2025","link":"https:\/\/transparencia.cfp.org.br\/crp14\/wp-content\/uploads\/sites\/7\/2025\/07\/CRP-BALANCO-ORCAMENTARIO-MAIO-2025.pdf"},{"file_uploaded":7304,"document_name":"Balan\u00e7o Or\u00e7ament\u00e1rio - 06\/2025","link":"https:\/\/transparencia.cfp.org.br\/crp14\/wp-content\/uploads\/sites\/7\/2025\/07\/CRP-BALANCO-ORCAMENTARIO-06.2025.pdf"},{"file_uploaded":7343,"document_name":"Balan\u00e7o Or\u00e7ament\u00e1rio - 07\/2025","link":"https:\/\/transparencia.cfp.org.br\/crp14\/wp-content\/uploads\/sites\/7\/2025\/07\/BalancoOrcamentario.pdf"},{"file_uploaded":7363,"document_name":"Balan\u00e7o Or\u00e7ament\u00e1rio - 08\/2025","link":"https:\/\/transparencia.cfp.org.br\/crp14\/wp-content\/uploads\/sites\/7\/2025\/07\/BalancoOrcamentario-3.pdf"},{"file_uploaded":7393,"document_name":"Balan\u00e7o Or\u00e7ament\u00e1rio - 09\/2025","link":"https:\/\/transparencia.cfp.org.br\/crp14\/wp-content\/uploads\/sites\/7\/2025\/08\/BalancoOrcamentario.pdf"},{"file_uploaded":7454,"document_name":"Balan\u00e7o Or\u00e7ament\u00e1rio - 10\/2025","link":"https:\/\/transparencia.cfp.org.br\/crp14\/wp-content\/uploads\/sites\/7\/2025\/09\/BalancoOrcamentario.pdf"},{"file_uploaded":7467,"document_name":"Balan\u00e7o Or\u00e7ament\u00e1rio - 11\/2025","link":"https:\/\/transparencia.cfp.org.br\/crp14\/wp-content\/uploads\/sites\/7\/2025\/10\/BalancoOrcamentario.pdf"},{"file_uploaded":7513,"document_name":"Balan\u00e7o Or\u00e7ament\u00e1rio - 12\/2025","link":"https:\/\/transparencia.cfp.org.br\/crp14\/wp-content\/uploads\/sites\/7\/2025\/12\/BalancoOrcamentario.pdf"},{"file_uploaded":7522,"document_name":"Balan\u00e7o Or\u00e7ament\u00e1rio - Exerc\u00edcio 2025","link":"https:\/\/transparencia.cfp.org.br\/crp14\/wp-content\/uploads\/sites\/7\/2025\/12\/BalancoOrcamentario-1.pdf"}],"_financa_demonstrativo":[{"id":6,"nome":"Balan\u00e7o Or\u00e7ament\u00e1rio","slug":"balanco-orcamentario","link":"https:\/\/dev-transparencia.cfp.org.br\/wp-json\/wp\/v2\/financa?financademonstrativo=balanco-orcamentario"}],"titulo":"Balan\u00e7o Or\u00e7ament\u00e1rio \u2013 2025","conteudo":"Balan\u00e7os Or\u00e7ament\u00e1rios do Conselho Regional de Psicologia 14\u00aa Regi\u00e3o MS, referente ao exerc\u00edcio de 2025.\n"}