
{"id":3359,"slug":"bens-imoveis-2018","link":"https:\/\/transparencia.cfp.org.br\/crp14\/financa\/bens-imoveis-2018\/","class_list":["post-3359","financa","type-financa","status-publish","hentry","financa_demonstrativo-relacao-de-bens"],"documentos":[{"file_uploaded":3360,"document_name":"Situa\u00e7\u00e3o em 31\/01\/2019","link":"https:\/\/transparencia.cfp.org.br\/crp14\/wp-content\/uploads\/sites\/7\/2019\/04\/2019.01-BENS-IM\u00d3VEIS.pdf"},{"file_uploaded":3362,"document_name":"Situa\u00e7\u00e3o em 28\/02\/2019","link":"https:\/\/transparencia.cfp.org.br\/crp14\/wp-content\/uploads\/sites\/7\/2019\/01\/2019.02-BENS-IM\u00d3VEIS.pdf"},{"file_uploaded":3438,"document_name":"Situa\u00e7\u00e3o em 31\/03\/2019","link":"https:\/\/transparencia.cfp.org.br\/crp14\/wp-content\/uploads\/sites\/7\/2019\/02\/2019.03-BENS-IM\u00d3VEIS.pdf"},{"file_uploaded":3439,"document_name":"Situa\u00e7\u00e3o em 30\/04\/2019","link":"https:\/\/transparencia.cfp.org.br\/crp14\/wp-content\/uploads\/sites\/7\/2019\/02\/2019.04-BENS-IM\u00d3VEIS.pdf"},{"file_uploaded":3475,"document_name":"Situa\u00e7\u00e3o em 31\/05\/2019","link":"https:\/\/transparencia.cfp.org.br\/crp14\/wp-content\/uploads\/sites\/7\/2019\/04\/2019.05-BENS-IM\u00d3VEIS.pdf"},{"file_uploaded":3606,"document_name":"Situa\u00e7\u00e3o em 30\/06\/2019","link":"https:\/\/transparencia.cfp.org.br\/crp14\/wp-content\/uploads\/sites\/7\/2019\/05\/2019.06-BENS-IM\u00d3VEIS.pdf"},{"file_uploaded":3607,"document_name":"Situa\u00e7\u00e3o em 31\/07\/2019","link":"https:\/\/transparencia.cfp.org.br\/crp14\/wp-content\/uploads\/sites\/7\/2019\/05\/2019.07-BENS-IM\u00d3VEIS.pdf"},{"file_uploaded":3608,"document_name":"Situa\u00e7\u00e3o em 31\/08\/2019","link":"https:\/\/transparencia.cfp.org.br\/crp14\/wp-content\/uploads\/sites\/7\/2019\/05\/2019.08-BENS-IM\u00d3VEIS-2.pdf"},{"file_uploaded":3682,"document_name":"Situa\u00e7\u00e3o em 30\/09\/2019","link":"https:\/\/transparencia.cfp.org.br\/crp14\/wp-content\/uploads\/sites\/7\/2019\/08\/2019.09-BENS-IM\u00d3VEIS.pdf"},{"file_uploaded":3683,"document_name":"Situa\u00e7\u00e3o em 31\/10\/2019","link":"https:\/\/transparencia.cfp.org.br\/crp14\/wp-content\/uploads\/sites\/7\/2019\/08\/2019.10-BENS-IM\u00d3VEIS.pdf"},{"file_uploaded":3684,"document_name":"Situa\u00e7\u00e3o em 30\/11\/2019","link":"https:\/\/transparencia.cfp.org.br\/crp14\/wp-content\/uploads\/sites\/7\/2019\/08\/2019.11-BENS-IM\u00d3VEIS.pdf"},{"file_uploaded":3685,"document_name":"Situa\u00e7\u00e3o em 31\/12\/2019","link":"https:\/\/transparencia.cfp.org.br\/crp14\/wp-content\/uploads\/sites\/7\/2019\/08\/2019.12-BENS-IM\u00d3VEIS.pdf"},{"file_uploaded":4376,"document_name":"Bens Adquiridos Exerc\u00edcio 2019","link":"https:\/\/transparencia.cfp.org.br\/crp14\/wp-content\/uploads\/sites\/7\/2019\/12\/BENS-IMOVEIS-Aquiridos-Exercicio-2019.pdf"}],"_financa_demonstrativo":[{"id":33,"nome":"Rela\u00e7\u00e3o de Bens","slug":"relacao-de-bens","link":"https:\/\/dev-transparencia.cfp.org.br\/wp-json\/wp\/v2\/financa?financademonstrativo=relacao-de-bens"}],"titulo":"Bens Im\u00f3veis 2019","conteudo":"Rela\u00e7\u00e3o de Bens Im\u00f3veis do Conselho Regional de Psicologia 14\u00aa Regi\u00e3o MS.\n"}