
{"id":3351,"slug":"bens-moveis-2018-2","link":"https:\/\/transparencia.cfp.org.br\/crp14\/financa\/bens-moveis-2018-2\/","class_list":["post-3351","financa","type-financa","status-publish","hentry","financa_demonstrativo-relacao-de-bens"],"documentos":[{"file_uploaded":3355,"document_name":"Situa\u00e7\u00e3o em 31\/01\/2019","link":"https:\/\/transparencia.cfp.org.br\/crp14\/wp-content\/uploads\/sites\/7\/2019\/01\/2019-01-BENS-M\u00d3VEIS.pdf"},{"file_uploaded":3358,"document_name":"Situa\u00e7\u00e3o em 28\/02\/2019","link":"https:\/\/transparencia.cfp.org.br\/crp14\/wp-content\/uploads\/sites\/7\/2019\/01\/2019-02-BENS-M\u00d3VEIS.pdf"},{"file_uploaded":3436,"document_name":"Situa\u00e7\u00e3o em 31\/03\/2019","link":"https:\/\/transparencia.cfp.org.br\/crp14\/wp-content\/uploads\/sites\/7\/2019\/02\/2019-03-BENS-M\u00d3VEIS.pdf"},{"file_uploaded":3437,"document_name":"Situa\u00e7\u00e3o em 30\/04\/2019","link":"https:\/\/transparencia.cfp.org.br\/crp14\/wp-content\/uploads\/sites\/7\/2019\/03\/2019-04-BENS-M\u00d3VEIS.pdf"},{"file_uploaded":3474,"document_name":"Situa\u00e7\u00e3o em 31\/05\/2019","link":"https:\/\/transparencia.cfp.org.br\/crp14\/wp-content\/uploads\/sites\/7\/2019\/04\/2019-05-BENS-M\u00d3VEIS.pdf"},{"file_uploaded":3603,"document_name":"Situa\u00e7\u00e3o em 30\/06\/2019","link":"https:\/\/transparencia.cfp.org.br\/crp14\/wp-content\/uploads\/sites\/7\/2019\/05\/2019-06-BENS-M\u00d3VEIS.pdf"},{"file_uploaded":3604,"document_name":"Situa\u00e7\u00e3o em 31\/07\/2019","link":"https:\/\/transparencia.cfp.org.br\/crp14\/wp-content\/uploads\/sites\/7\/2019\/05\/2019-07-BENS-M\u00d3VEIS.pdf"},{"file_uploaded":3605,"document_name":"Situa\u00e7\u00e3o em 31\/08\/2019","link":"https:\/\/transparencia.cfp.org.br\/crp14\/wp-content\/uploads\/sites\/7\/2019\/05\/2019-08-BENS-M\u00d3VEIS-2.pdf"},{"file_uploaded":3678,"document_name":"Situa\u00e7\u00e3o em 30\/09\/2019","link":"https:\/\/transparencia.cfp.org.br\/crp14\/wp-content\/uploads\/sites\/7\/2019\/08\/2019-09-BENS-M\u00d3VEIS.pdf"},{"file_uploaded":3679,"document_name":"Situa\u00e7\u00e3o em 31\/10\/2019","link":"https:\/\/transparencia.cfp.org.br\/crp14\/wp-content\/uploads\/sites\/7\/2019\/08\/2019-10-BENS-M\u00d3VEIS.pdf"},{"file_uploaded":3680,"document_name":"Situa\u00e7\u00e3o em 31\/11\/2019","link":"https:\/\/transparencia.cfp.org.br\/crp14\/wp-content\/uploads\/sites\/7\/2019\/08\/2019-11-BENS-M\u00d3VEIS.pdf"},{"file_uploaded":3681,"document_name":"Situa\u00e7\u00e3o em 31\/12\/2019","link":"https:\/\/transparencia.cfp.org.br\/crp14\/wp-content\/uploads\/sites\/7\/2019\/08\/2019-12-BENS-M\u00d3VEIS.pdf"},{"file_uploaded":4374,"document_name":"Bens Adquiridos Exerc\u00edcio 2019","link":"https:\/\/transparencia.cfp.org.br\/crp14\/wp-content\/uploads\/sites\/7\/2019\/12\/BENS-MOVEIS-Aquiridos-Exercicio-2019.pdf"},{"file_uploaded":4375,"document_name":"Bens Baixados Exerc\u00edcio 2019","link":"https:\/\/transparencia.cfp.org.br\/crp14\/wp-content\/uploads\/sites\/7\/2019\/12\/BENS-MOVEIS-Baixados-Exercicio-2019.pdf"}],"_financa_demonstrativo":[{"id":33,"nome":"Rela\u00e7\u00e3o de Bens","slug":"relacao-de-bens","link":"https:\/\/dev-transparencia.cfp.org.br\/wp-json\/wp\/v2\/financa?financademonstrativo=relacao-de-bens"}],"titulo":"Bens M\u00f3veis 2019","conteudo":"Rela\u00e7\u00e3o de Bens M\u00f3veis do Conselho Regional de Psicologia 14\u00aa Regi\u00e3o MS.\n"}