
{"id":2777,"slug":"bens-imoveis-2017-2","link":"https:\/\/transparencia.cfp.org.br\/crp14\/financa\/bens-imoveis-2017-2\/","class_list":["post-2777","financa","type-financa","status-publish","hentry","financa_demonstrativo-relacao-de-bens"],"documentos":[{"file_uploaded":2778,"document_name":"Situa\u00e7\u00e3o em 31\/01\/2018","link":"https:\/\/transparencia.cfp.org.br\/crp14\/wp-content\/uploads\/sites\/7\/2018\/04\/2018.01-BENS-IM\u00d3VEIS.pdf"},{"file_uploaded":2780,"document_name":"Situa\u00e7\u00e3o em 28\/02\/2018","link":"https:\/\/transparencia.cfp.org.br\/crp14\/wp-content\/uploads\/sites\/7\/2018\/01\/2018.02-BENS-IM\u00d3VEIS.pdf"},{"file_uploaded":2848,"document_name":"Situa\u00e7\u00e3o em 31\/03\/2018","link":"https:\/\/transparencia.cfp.org.br\/crp14\/wp-content\/uploads\/sites\/7\/2018\/02\/2018.03-BENS-IM\u00d3VEIS.pdf"},{"file_uploaded":2849,"document_name":"Situa\u00e7\u00e3o em 30\/04\/2018","link":"https:\/\/transparencia.cfp.org.br\/crp14\/wp-content\/uploads\/sites\/7\/2018\/03\/2018.04-BENS-IM\u00d3VEIS.pdf"},{"file_uploaded":2884,"document_name":"Situa\u00e7\u00e3o em 31\/05\/2018","link":"https:\/\/transparencia.cfp.org.br\/crp14\/wp-content\/uploads\/sites\/7\/2018\/04\/2018.05-BENS-IM\u00d3VEIS.pdf"},{"file_uploaded":2955,"document_name":"Situa\u00e7\u00e3o em 30\/06\/2018","link":"https:\/\/transparencia.cfp.org.br\/crp14\/wp-content\/uploads\/sites\/7\/2018\/05\/2018.06-BENS-IM\u00d3VEIS.pdf"},{"file_uploaded":2975,"document_name":"Situa\u00e7\u00e3o em 31\/07\/2018","link":"https:\/\/transparencia.cfp.org.br\/crp14\/wp-content\/uploads\/sites\/7\/2018\/06\/2018.07-BENS-IM\u00d3VEIS.pdf"},{"file_uploaded":3021,"document_name":"Situa\u00e7\u00e3o em 31\/08\/2018","link":"https:\/\/transparencia.cfp.org.br\/crp14\/wp-content\/uploads\/sites\/7\/2018\/07\/2018.08-BENS-IM\u00d3VEIS.pdf"},{"file_uploaded":3080,"document_name":"Situa\u00e7\u00e3o em 30\/09\/2018","link":"https:\/\/transparencia.cfp.org.br\/crp14\/wp-content\/uploads\/sites\/7\/2018\/08\/2018.09-BENS-IM\u00d3VEIS.pdf"},{"file_uploaded":3098,"document_name":"Situa\u00e7\u00e3o em 31\/10\/2018","link":"https:\/\/transparencia.cfp.org.br\/crp14\/wp-content\/uploads\/sites\/7\/2018\/09\/2018.10-BENS-IM\u00d3VEIS.pdf"},{"file_uploaded":3164,"document_name":"Situa\u00e7\u00e3o em 30\/11\/2018","link":"https:\/\/transparencia.cfp.org.br\/crp14\/wp-content\/uploads\/sites\/7\/2018\/10\/2018.11-BENS-IM\u00d3VEIS.pdf"},{"file_uploaded":3308,"document_name":"Situa\u00e7\u00e3o em 31\/12\/2018","link":"https:\/\/transparencia.cfp.org.br\/crp14\/wp-content\/uploads\/sites\/7\/2018\/11\/2018.12-BENS-IM\u00d3VEIS.pdf"}],"_financa_demonstrativo":[{"id":33,"nome":"Rela\u00e7\u00e3o de Bens","slug":"relacao-de-bens","link":"https:\/\/dev-transparencia.cfp.org.br\/wp-json\/wp\/v2\/financa?financademonstrativo=relacao-de-bens"}],"titulo":"Bens Im\u00f3veis 2018","conteudo":"Rela\u00e7\u00e3o de Bens Im\u00f3veis do Conselho Regional de Psicologia 14\u00aa Regi\u00e3o MS.\n"}