
{"id":2131,"slug":"bens-imoveis-2017","link":"https:\/\/transparencia.cfp.org.br\/crp14\/financa\/bens-imoveis-2017\/","class_list":["post-2131","financa","type-financa","status-publish","hentry","financa_demonstrativo-relacao-de-bens"],"documentos":[{"file_uploaded":2132,"document_name":"Situa\u00e7\u00e3o em 31\/01\/2017","link":"https:\/\/transparencia.cfp.org.br\/crp14\/wp-content\/uploads\/sites\/7\/2017\/07\/2017.01-BENS-IM\u00d3VEL.pdf"},{"file_uploaded":2135,"document_name":"Situa\u00e7\u00e3o em 28\/02\/2017","link":"https:\/\/transparencia.cfp.org.br\/crp14\/wp-content\/uploads\/sites\/7\/2017\/02\/2017.02-BENS-IM\u00d3VEL.pdf"},{"file_uploaded":2180,"document_name":"Situa\u00e7\u00e3o em 31\/03\/2017","link":"https:\/\/transparencia.cfp.org.br\/crp14\/wp-content\/uploads\/sites\/7\/2017\/03\/2017.03-BENS-IM\u00d3VEL.pdf"},{"file_uploaded":2181,"document_name":"Situa\u00e7\u00e3o em 30\/04\/2017","link":"https:\/\/transparencia.cfp.org.br\/crp14\/wp-content\/uploads\/sites\/7\/2017\/04\/2017.04-BENS-IM\u00d3VEL.pdf"},{"file_uploaded":2631,"document_name":"Situa\u00e7\u00e3o m\u00eas 05\/2017","link":"https:\/\/transparencia.cfp.org.br\/crp14\/wp-content\/uploads\/sites\/7\/2017\/05\/2017.05-BENS-IM\u00d3VEIS.pdf"},{"file_uploaded":2633,"document_name":"Situa\u00e7\u00e3o m\u00eas 06\/2017","link":"https:\/\/transparencia.cfp.org.br\/crp14\/wp-content\/uploads\/sites\/7\/2017\/05\/2017.06-BENS-IM\u00d3VEIS.pdf"},{"file_uploaded":2634,"document_name":"Situa\u00e7\u00e3o m\u00eas 07\/2017","link":"https:\/\/transparencia.cfp.org.br\/crp14\/wp-content\/uploads\/sites\/7\/2017\/06\/2017.07-BENS-IM\u00d3VEIS.pdf"},{"file_uploaded":2635,"document_name":"Situa\u00e7\u00e3o m\u00eas 08\/2017","link":"https:\/\/transparencia.cfp.org.br\/crp14\/wp-content\/uploads\/sites\/7\/2017\/07\/2017.08-BENS-IM\u00d3VEIS.pdf"},{"file_uploaded":2636,"document_name":"Situa\u00e7\u00e3o m\u00eas 09\/2017","link":"https:\/\/transparencia.cfp.org.br\/crp14\/wp-content\/uploads\/sites\/7\/2017\/08\/2017.09-BENS-IM\u00d3VEIS.pdf"},{"file_uploaded":2637,"document_name":"Situa\u00e7\u00e3o m\u00eas 10\/2017","link":"https:\/\/transparencia.cfp.org.br\/crp14\/wp-content\/uploads\/sites\/7\/2017\/09\/2017.10-BENS-IM\u00d3VEIS.pdf"},{"file_uploaded":2638,"document_name":"Situa\u00e7\u00e3o m\u00eas 11\/2017","link":"https:\/\/transparencia.cfp.org.br\/crp14\/wp-content\/uploads\/sites\/7\/2017\/10\/2017.11-BENS-IM\u00d3VEIS.pdf"},{"file_uploaded":2639,"document_name":"Situa\u00e7\u00e3o m\u00eas 12\/2017","link":"https:\/\/transparencia.cfp.org.br\/crp14\/wp-content\/uploads\/sites\/7\/2017\/11\/2017.12-BENS-IM\u00d3VEIS.pdf"}],"_financa_demonstrativo":[{"id":33,"nome":"Rela\u00e7\u00e3o de Bens","slug":"relacao-de-bens","link":"https:\/\/dev-transparencia.cfp.org.br\/wp-json\/wp\/v2\/financa?financademonstrativo=relacao-de-bens"}],"titulo":"Bens Im\u00f3veis 2017","conteudo":"Rela\u00e7\u00e3o de Bens Im\u00f3veis do Conselho Regional de Psicologia 14\u00aa Regi\u00e3o MS.\n"}