
{"id":2121,"slug":"bens-moveis-2017","link":"https:\/\/transparencia.cfp.org.br\/crp14\/financa\/bens-moveis-2017\/","class_list":["post-2121","financa","type-financa","status-publish","hentry","financa_demonstrativo-relacao-de-bens"],"documentos":[{"file_uploaded":2126,"document_name":"Situa\u00e7\u00e3o em 01\/2017","link":"https:\/\/transparencia.cfp.org.br\/crp14\/wp-content\/uploads\/sites\/7\/2017\/02\/2017.01-BENS-M\u00d3VEIS.pdf"},{"file_uploaded":2129,"document_name":"Situa\u00e7\u00e3o em 02\/2017","link":"https:\/\/transparencia.cfp.org.br\/crp14\/wp-content\/uploads\/sites\/7\/2017\/02\/2017.02-BENS-M\u00d3VEIS.pdf"},{"file_uploaded":2178,"document_name":"Situa\u00e7\u00e3o em 03\/2017","link":"https:\/\/transparencia.cfp.org.br\/crp14\/wp-content\/uploads\/sites\/7\/2017\/03\/2017.03-BENS-M\u00d3VEIS.pdf"},{"file_uploaded":2179,"document_name":"Situa\u00e7\u00e3o em 04\/2017","link":"https:\/\/transparencia.cfp.org.br\/crp14\/wp-content\/uploads\/sites\/7\/2017\/04\/2017.04-BENS-M\u00d3VEIS.pdf"},{"file_uploaded":2587,"document_name":"Situa\u00e7\u00e3o em 05\/2017","link":"https:\/\/transparencia.cfp.org.br\/crp14\/wp-content\/uploads\/sites\/7\/2017\/05\/2017.05-BENS-M\u00d3VEIS.pdf"},{"file_uploaded":2588,"document_name":"Situa\u00e7\u00e3o em 06\/2017","link":"https:\/\/transparencia.cfp.org.br\/crp14\/wp-content\/uploads\/sites\/7\/2017\/05\/2017.06-BENS-M\u00d3VEIS.pdf"},{"file_uploaded":2589,"document_name":"Situa\u00e7\u00e3o em 07\/2017","link":"https:\/\/transparencia.cfp.org.br\/crp14\/wp-content\/uploads\/sites\/7\/2017\/05\/2017.07-BENS-M\u00d3VEIS.pdf"},{"file_uploaded":2590,"document_name":"Situa\u00e7\u00e3o em 08\/2017","link":"https:\/\/transparencia.cfp.org.br\/crp14\/wp-content\/uploads\/sites\/7\/2017\/05\/2017.08-BENS-M\u00d3VEIS.pdf"},{"file_uploaded":2591,"document_name":"Situa\u00e7\u00e3o em 09\/2017","link":"https:\/\/transparencia.cfp.org.br\/crp14\/wp-content\/uploads\/sites\/7\/2017\/05\/2017.09-BENS-M\u00d3VEIS.pdf"},{"file_uploaded":2592,"document_name":"Situa\u00e7\u00e3o em 10\/2017","link":"https:\/\/transparencia.cfp.org.br\/crp14\/wp-content\/uploads\/sites\/7\/2017\/05\/2017.10-BENS-M\u00d3VEIS.pdf"},{"file_uploaded":2593,"document_name":"Situa\u00e7\u00e3o em 11\/2017","link":"https:\/\/transparencia.cfp.org.br\/crp14\/wp-content\/uploads\/sites\/7\/2017\/05\/2017.11-BENS-M\u00d3VEIS.pdf"},{"file_uploaded":2629,"document_name":"Situa\u00e7\u00e3o em 12\/2017","link":"https:\/\/transparencia.cfp.org.br\/crp14\/wp-content\/uploads\/sites\/7\/2017\/11\/2017.12-BENS-M\u00d3VEIS.pdf"},{"file_uploaded":4379,"document_name":"Bens Adquiridos em 2017","link":"https:\/\/transparencia.cfp.org.br\/crp14\/wp-content\/uploads\/sites\/7\/2017\/12\/BENS-MOVEIS-Aquiridos-Exercicio-2017.pdf"},{"file_uploaded":4380,"document_name":"Bens Baixados em 2017","link":"https:\/\/transparencia.cfp.org.br\/crp14\/wp-content\/uploads\/sites\/7\/2017\/12\/BENS-MOVEIS-Baixados-Exercicio-2017.pdf"}],"_financa_demonstrativo":[{"id":33,"nome":"Rela\u00e7\u00e3o de Bens","slug":"relacao-de-bens","link":"https:\/\/dev-transparencia.cfp.org.br\/wp-json\/wp\/v2\/financa?financademonstrativo=relacao-de-bens"}],"titulo":"Bens M\u00f3veis 2017","conteudo":"Rela\u00e7\u00e3o de Bens M\u00f3veis do Conselho Regional de Psicologia 14\u00aa Regi\u00e3o MS.\n"}