
{"id":6926,"slug":"eleicoes-2025","link":"https:\/\/transparencia.cfp.org.br\/crp14\/eleicao\/eleicoes-2025\/","class_list":["post-6926","eleicao","type-eleicao","status-publish","hentry"],"documentos":[{"file_uploaded":6927,"document_name":"Edital de Convoca\u00e7\u00e3o - 18\/02\/2025","link":"https:\/\/transparencia.cfp.org.br\/crp14\/wp-content\/uploads\/sites\/7\/2025\/02\/SEI_CFP-2037930-Edital.pdf"},{"file_uploaded":7369,"document_name":"Ata e Lista de Presen\u00e7a Assembleia Geral Extraordin\u00e1ria - 23\/10\/2024","link":"https:\/\/transparencia.cfp.org.br\/crp14\/wp-content\/uploads\/sites\/7\/2025\/02\/Conselho-2.pdf"},{"file_uploaded":7370,"document_name":"Edital de convoca\u00e7\u00e3o - 18\/02\/2025","link":"https:\/\/transparencia.cfp.org.br\/crp14\/wp-content\/uploads\/sites\/7\/2025\/02\/SEI_2037930_Edital_01-1.pdf"},{"file_uploaded":7371,"document_name":"Portaria n\u00ba 014\/2024 - Designa a Comiss\u00e3o Regional Eleitoral","link":"https:\/\/transparencia.cfp.org.br\/crp14\/wp-content\/uploads\/sites\/7\/2025\/02\/CRP14MS-Portaria-14.2024-1.pdf"},{"file_uploaded":7372,"document_name":"Portaria CFP n\u00ba 98\/2025 - Homologa\u00e7\u00e3o e a proclama\u00e7\u00e3o do resultado das elei\u00e7\u00f5es para os Conselhos Regionais de Psicologia","link":"https:\/\/transparencia.cfp.org.br\/crp14\/wp-content\/uploads\/sites\/7\/2025\/02\/portaria-cfp-98-2025-1.pdf"}],"titulo":"Elei\u00e7\u00f5es 2025","conteudo":"Elei\u00e7\u00f5es 2025\n"}