
{"id":3228,"slug":"eleicoes-2019","link":"https:\/\/transparencia.cfp.org.br\/crp14\/eleicao\/eleicoes-2019\/","class_list":["post-3228","eleicao","type-eleicao","status-publish","hentry"],"documentos":[{"file_uploaded":3229,"document_name":"1-Resolu\u00e7\u00e3o CFP N. 16 - 07\/08\/2018 - Aprova o Regimento Eleitoral para escolha de Conselheiros federais e regionais dos Conselhos de Psicologia.1-","link":"https:\/\/transparencia.cfp.org.br\/crp14\/wp-content\/uploads\/sites\/7\/2019\/01\/Resolucao-administrativa-financeira-16-2018-Conselho-federal-de-psicologia-BR-2-1.pdf"},{"file_uploaded":3231,"document_name":"2-EDITAL DE CONVOCA\u00c7\u00c3O ASSEMBLEIA GERAL EXTRAORDIN\u00c1RIA - 19\/12\/2018","link":"https:\/\/transparencia.cfp.org.br\/crp14\/wp-content\/uploads\/sites\/7\/2018\/08\/PUBLICA\u00c7\u00c3O-ASSEMBLEIA-GERAL-EXTRAORDIN\u00c1RIA.pdf"},{"file_uploaded":3777,"document_name":"3-Edital de Convoca\u00e7\u00e3o ","link":"https:\/\/transparencia.cfp.org.br\/crp14\/wp-content\/uploads\/sites\/7\/2019\/07\/EDITAL-CONVO\u00c7\u00c3O-ELEI\u00c7\u00d5ES-2019-DOU.pdf"},{"file_uploaded":3249,"document_name":"4-Ata Assembl\u00e9ia Geral Extraordin\u00e1ria para deflagra\u00e7\u00e3o do Pleito Eleitoral 2019 e Constitui\u00e7\u00e3o da Comiss\u00e3o Eleitoral","link":"https:\/\/transparencia.cfp.org.br\/crp14\/wp-content\/uploads\/sites\/7\/2018\/12\/Ata-2019.01.21-Assembl\u00e9ia-Geral-Extraordin\u00e1ria-Pleito-Eleitoral-2019.pdf"},{"file_uploaded":3518,"document_name":"5-Publica\u00e7\u00e3o DOU - Chapas","link":"https:\/\/transparencia.cfp.org.br\/crp14\/wp-content\/uploads\/sites\/7\/2019\/07\/Publica\u00e7\u00e3o-CHAPAS-Di\u00e1rio-Oficial.pdf"}],"titulo":"Elei\u00e7\u00f5es 2019","conteudo":"Processo Eleitoral do Pleito de 2019\nLink portal Elei\u00e7\u00f5es 2019 Sistema Conselhos de Psicologia\nhttps:\/\/www.eleicoespsicologia.org.br\/#\/home\nChapas CRP14MS e CFP\nhttps:\/\/www.eleicoespsicologia.org.br\/#\/chapas\n"}