
{"id":7763,"slug":"ata-assembleia-geral-extraordinaria-19-08-2026","link":"https:\/\/transparencia.cfp.org.br\/crp14\/ata\/ata-assembleia-geral-extraordinaria-19-08-2026\/","class_list":["post-7763","ata","type-ata","status-publish","hentry","ata_reuniao-assembleia-geral-ordinaria"],"documentos":[{"file_uploaded":7768,"document_name":"Ata Assembleia Geral Ordin\u00e1ria \u2013 19\/08\/2026","link":"https:\/\/transparencia.cfp.org.br\/crp14\/wp-content\/uploads\/sites\/7\/2026\/08\/SEI_3033649_Ata_de_Reuniao-3.pdf"}],"_ata_reuniao":[{"id":51,"nome":"Assembleia Geral Ordin\u00e1ria","slug":"assembleia-geral-ordinaria","link":"https:\/\/dev-transparencia.cfp.org.br\/wp-json\/wp\/v2\/ata?atareuniao=assembleia-geral-ordinaria"}],"titulo":"Ata Assembleia Geral Ordin\u00e1ria \u2013 19\/08\/2026","conteudo":"Ata Assembleia Geral Ordin\u00e1ria\nDelibera\u00e7\u00f5es:\nI \u2013 apresenta\u00e7\u00e3o do relat\u00f3rio de presta\u00e7\u00e3o\nde contas e das demonstra\u00e7\u00f5es relativas ao anu\u00eanio 2025\/2026;\nII \u2013 apresenta\u00e7\u00e3o do or\u00e7amento para o exerc\u00edcio de 2027;\nIII \u2013apresenta\u00e7\u00e3o dos valores das anuidades para o exerc\u00edcio de 2027; IV \u2013 informes gerais sobre a entrega da nova sede da\nentidade;\ne\nV \u2013 outros assuntos de interesse da categoria\n"}