
{"id":7581,"slug":"ata-247a-sessao-plenaria-ordinaria-marco","link":"https:\/\/transparencia.cfp.org.br\/crp14\/ata\/ata-247a-sessao-plenaria-ordinaria-marco\/","class_list":["post-7581","ata","type-ata","status-publish","hentry","ata_reuniao-plenaria"],"documentos":[{"file_uploaded":7582,"document_name":"Ata 427 Plen\u00e1ria","link":"https:\/\/transparencia.cfp.org.br\/crp14\/wp-content\/uploads\/sites\/7\/2026\/04\/SEI_CFP-2799629-Ata-de-Reuniao.pdf"},{"file_uploaded":7584,"document_name":"427\u00aa Ponto de Pauta","link":"https:\/\/transparencia.cfp.org.br\/crp14\/wp-content\/uploads\/sites\/7\/2026\/04\/Pauta_de_Reuniao_2800835_Ponto_de_Pauta_427__Sessao_Plenaria___Marco.pdf"},{"file_uploaded":7585,"document_name":"427\u00aa Lista de Presen\u00e7a ","link":"https:\/\/transparencia.cfp.org.br\/crp14\/wp-content\/uploads\/sites\/7\/2026\/04\/Lista_2800839_Lista_de_Presenca_427__Sessao_Plenaria___Marco.pdf"}],"_ata_reuniao":[{"id":27,"nome":"Plen\u00e1ria","slug":"plenaria","link":"https:\/\/dev-transparencia.cfp.org.br\/wp-json\/wp\/v2\/ata?atareuniao=plenaria"}],"titulo":"Ata 247\u00aa Sess\u00e3o Plen\u00e1ria Ordin\u00e1ria \u2013 Mar\u00e7o","conteudo":""}