
{"id":7202,"slug":"ata-assembleia-geral-ordinaria-15-08-2025","link":"https:\/\/transparencia.cfp.org.br\/crp14\/ata\/ata-assembleia-geral-ordinaria-15-08-2025\/","class_list":["post-7202","ata","type-ata","status-publish","hentry","ata_reuniao-assembleia-geral-ordinaria"],"documentos":[{"file_uploaded":7203,"document_name":"Ata e Lista de Presen\u00e7a Assembleia Geral Ordin\u00e1ria 15\/08\/2025","link":"https:\/\/transparencia.cfp.org.br\/crp14\/wp-content\/uploads\/sites\/7\/2025\/08\/ATA-DA-ASSEMBLEIA-GERAL-ORDINARIA-Agosto-2025.pdf"}],"_ata_reuniao":[{"id":51,"nome":"Assembleia Geral Ordin\u00e1ria","slug":"assembleia-geral-ordinaria","link":"https:\/\/dev-transparencia.cfp.org.br\/wp-json\/wp\/v2\/ata?atareuniao=assembleia-geral-ordinaria"}],"titulo":"Ata Assembleia Geral Ordin\u00e1ria 15\/08\/2025","conteudo":"Delibera\u00e7\u00f5es:\na) Apresenta\u00e7\u00e3o do relat\u00f3rio de Presta\u00e7\u00e3o de Contas e Demonstra\u00e7\u00f5es do anu\u00eanio 2024\/2025;\nb) Apresenta\u00e7\u00e3o do or\u00e7amento para o ano de 2026;\nc) Apresenta\u00e7\u00e3o do valor da anuidade para o ano de 2026;\nd) Informes gerais sobre a reforma da sede atual e constru\u00e7\u00e3o da nova sede da entidade e\ne) Outros assuntos de interesse da categoria\n"}