
{"id":6180,"slug":"ata-386a-sessao-plenaria-extraordinaria-07-07-2023","link":"https:\/\/transparencia.cfp.org.br\/crp14\/ata\/ata-386a-sessao-plenaria-extraordinaria-07-07-2023\/","class_list":["post-6180","ata","type-ata","status-publish","hentry","ata_reuniao-plenaria-extraordinaria"],"documentos":[{"file_uploaded":6181,"document_name":"Ata 386\u00aa Sess\u00e3o Plen\u00e1ria Extraordin\u00e1ria","link":"https:\/\/transparencia.cfp.org.br\/crp14\/wp-content\/uploads\/sites\/7\/2023\/08\/SEI_CFP-1136216-Ata-de-Reuniao.pdf"},{"file_uploaded":6182,"document_name":"Ponto de pauta","link":"https:\/\/transparencia.cfp.org.br\/crp14\/wp-content\/uploads\/sites\/7\/2023\/08\/386a-Ponto-de-Pauta.docx.pdf"},{"file_uploaded":6183,"document_name":"Lista de presen\u00e7a ","link":"https:\/\/transparencia.cfp.org.br\/crp14\/wp-content\/uploads\/sites\/7\/2023\/08\/Presenca-386.pdf"}],"_ata_reuniao":[{"id":59,"nome":"Plen\u00e1ria Extraordin\u00e1ria","slug":"plenaria-extraordinaria","link":"https:\/\/dev-transparencia.cfp.org.br\/wp-json\/wp\/v2\/ata?atareuniao=plenaria-extraordinaria"}],"titulo":"Ata 386\u00aa Sess\u00e3o Plen\u00e1ria Extraordin\u00e1ria 07\/07\/2023","conteudo":"Ata 386\u00aa Sess\u00e3o Plen\u00e1ria Extraordin\u00e1ria 07\/07\/2023\n"}