
{"id":6171,"slug":"ata-assembleia-geral-ordinaria-18-08-2023","link":"https:\/\/transparencia.cfp.org.br\/crp14\/ata\/ata-assembleia-geral-ordinaria-18-08-2023\/","class_list":["post-6171","ata","type-ata","status-publish","hentry","ata_reuniao-assembleia-geral-ordinaria"],"documentos":[{"file_uploaded":6201,"document_name":"Ata Assembleia 18\/08\/2023","link":"https:\/\/transparencia.cfp.org.br\/crp14\/wp-content\/uploads\/sites\/7\/2023\/08\/SEI_CFP-1139998-Ata-de-Reuniao.pdf"},{"file_uploaded":6173,"document_name":"Lista de presen\u00e7a ","link":"https:\/\/transparencia.cfp.org.br\/crp14\/wp-content\/uploads\/sites\/7\/2023\/08\/SEI_CFP-1136185-Listagem.pdf"},{"file_uploaded":6190,"document_name":"Edital de Convoca\u00e7\u00e3o DOU","link":"https:\/\/transparencia.cfp.org.br\/crp14\/wp-content\/uploads\/sites\/7\/2023\/08\/Publicacao_DOU.pdf"}],"_ata_reuniao":[{"id":51,"nome":"Assembleia Geral Ordin\u00e1ria","slug":"assembleia-geral-ordinaria","link":"https:\/\/dev-transparencia.cfp.org.br\/wp-json\/wp\/v2\/ata?atareuniao=assembleia-geral-ordinaria"}],"titulo":"Ata Assembleia Geral Ordin\u00e1ria 18\/08\/2023","conteudo":"Delibera\u00e7\u00f5es:\n\nApresenta\u00e7\u00e3o do relat\u00f3rio de Presta\u00e7\u00e3o de Contas e Demonstra\u00e7\u00f5es do anu\u00eanio 2022\/2023;\nApresenta\u00e7\u00e3o do or\u00e7amento para o ano de 2024;\nApresenta\u00e7\u00e3o do valor da anuidade para o ano de 2024;\nInformes gerais sobre a constru\u00e7\u00e3o da nova sede da entidade e\nOutros assuntos de interesse da categoria\n\n"}