
{"id":5203,"slug":"assembleia-geral-extraordinaria-25-02-2022","link":"https:\/\/transparencia.cfp.org.br\/crp14\/ata\/assembleia-geral-extraordinaria-25-02-2022\/","class_list":["post-5203","ata","type-ata","status-publish","hentry","ata_reuniao-assembleia-geral-extraordinaria"],"documentos":[{"file_uploaded":5204,"document_name":"Ata - 25\/02\/2022","link":"https:\/\/transparencia.cfp.org.br\/crp14\/wp-content\/uploads\/sites\/7\/2022\/07\/Ata_da_Assembleia_Geral_Extraordinaria_Segunda_Chamada_para_Constituicao_da_Comissao_Eleitoral.pdf"}],"_ata_reuniao":[{"id":55,"nome":"Assembl\u00e9ia Geral Extraordin\u00e1ria","slug":"assembleia-geral-extraordinaria","link":"https:\/\/dev-transparencia.cfp.org.br\/wp-json\/wp\/v2\/ata?atareuniao=assembleia-geral-extraordinaria"}],"titulo":"Assembleia Geral Extraordin\u00e1ria \u2013 25\/02\/2022","conteudo":"Ata e a Lista de presen\u00e7a da Assembleia Geral Extraordin\u00e1ria \u2013 Segunda Chamada para Constitui\u00e7\u00e3o da Comiss\u00e3o Eleitoral.\n"}