
{"id":4600,"slug":"assembleia-geral-extraordinaria-09-04-2021","link":"https:\/\/transparencia.cfp.org.br\/crp14\/ata\/assembleia-geral-extraordinaria-09-04-2021\/","class_list":["post-4600","ata","type-ata","status-publish","hentry","ata_reuniao-assembleia-geral-extraordinaria"],"documentos":[{"file_uploaded":4601,"document_name":"Edital de convoca\u00e7\u00e3o","link":"https:\/\/transparencia.cfp.org.br\/crp14\/wp-content\/uploads\/sites\/7\/2021\/04\/Edital-de-Convocacao.pdf"},{"file_uploaded":4602,"document_name":"Ata Assembl\u00e9ia Geral Extraordin\u00e1ria -09\/04\/2021","link":"https:\/\/transparencia.cfp.org.br\/crp14\/wp-content\/uploads\/sites\/7\/2021\/04\/ATA-Assembleia-Geral-Extraordiaria-09.04.2021-GT-Projeto-Basico-Sede.pdf"}],"_ata_reuniao":[{"id":55,"nome":"Assembl\u00e9ia Geral Extraordin\u00e1ria","slug":"assembleia-geral-extraordinaria","link":"https:\/\/dev-transparencia.cfp.org.br\/wp-json\/wp\/v2\/ata?atareuniao=assembleia-geral-extraordinaria"}],"titulo":"Assembleia Geral Extraordin\u00e1ria -09\/04\/2021","conteudo":"a) Elei\u00e7\u00e3o e composi\u00e7\u00e3o do Grupo de Trabalho para acompanhamento da elabora\u00e7\u00e3o do Projeto B\u00e1sico (arquitet\u00f4nico) e projetos complementares para nova sede do Conselho Regional de Psicologia 14a Regi\u00e3o MS e\nb) Outros assuntos de interesse da categoria.\n"}