
{"id":3583,"slug":"ata-de-eleicao-e-posse-de-diretoria-22-09-2019","link":"https:\/\/transparencia.cfp.org.br\/crp14\/ata\/ata-de-eleicao-e-posse-de-diretoria-22-09-2019\/","class_list":["post-3583","ata","type-ata","status-publish","hentry","ata_reuniao-eleicao-e-posse-de-diretoria"],"documentos":[{"file_uploaded":3586,"document_name":"Ata de Elei\u00e7\u00e3o e Posse de Diretoria \u2013 22\/09\/2019","link":"https:\/\/transparencia.cfp.org.br\/crp14\/wp-content\/uploads\/sites\/7\/2019\/09\/2019.09.22-ATA-ELEI\u00c7\u00c3O-E-POSSE-DIRETORIA-TRI\u00caNIO-2019.20122.pdf"},{"file_uploaded":4717,"document_name":"Publica\u00e7\u00e3o da Ata de Elei\u00e7\u00e3o e Posse de Diretoria - 2019\/2022","link":"https:\/\/transparencia.cfp.org.br\/crp14\/wp-content\/uploads\/sites\/7\/2019\/09\/PUBLICACAO-DOEMS-ATA-DE-ELEICAO-E-POSSE.pdf"}],"_ata_reuniao":[{"id":53,"nome":"Elei\u00e7\u00e3o e Posse De Diretoria","slug":"eleicao-e-posse-de-diretoria","link":"https:\/\/dev-transparencia.cfp.org.br\/wp-json\/wp\/v2\/ata?atareuniao=eleicao-e-posse-de-diretoria"}],"titulo":"Ata de Elei\u00e7\u00e3o e Posse de Diretoria \u2013 22\/09\/2019","conteudo":"Ata de Elei\u00e7\u00e3o e Posse de Diretoria \u2013 22\/09\/2019\n"}