
{"id":3411,"slug":"ata-de-eleicao-e-posse-de-diretoria-23-03-2019","link":"https:\/\/transparencia.cfp.org.br\/crp14\/ata\/ata-de-eleicao-e-posse-de-diretoria-23-03-2019\/","class_list":["post-3411","ata","type-ata","status-publish","hentry","ata_reuniao-eleicao-e-posse-de-diretoria"],"documentos":[{"file_uploaded":3412,"document_name":"Ata de Elei\u00e7\u00e3o e Posse de Diretoria - 23\/03\/2019","link":"https:\/\/transparencia.cfp.org.br\/crp14\/wp-content\/uploads\/sites\/7\/2019\/05\/2019.03.23-ATA-DE-ELEI\u00c7\u00c3O-E-POSSE-DA-DIRETORIA.pdf"}],"_ata_reuniao":[{"id":53,"nome":"Elei\u00e7\u00e3o e Posse De Diretoria","slug":"eleicao-e-posse-de-diretoria","link":"https:\/\/dev-transparencia.cfp.org.br\/wp-json\/wp\/v2\/ata?atareuniao=eleicao-e-posse-de-diretoria"}],"titulo":"Ata de Elei\u00e7\u00e3o e Posse de Diretoria \u2013 23\/03\/2019","conteudo":"Ata de Elei\u00e7\u00e3o e Posse de Diretoria \u2013 23\/03\/2019\n"}