
{"id":2812,"slug":"assembleia-das-politicas-da-administracao-e-das-financas-apaf","link":"https:\/\/transparencia.cfp.org.br\/crp14\/ata\/assembleia-das-politicas-da-administracao-e-das-financas-apaf\/","class_list":["post-2812","ata","type-ata","status-publish","hentry","ata_reuniao-assembleia-das-politicas-da-administracao-e-das-financas-apaf"],"_ata_reuniao":[{"id":3,"nome":"Assembleia das Pol\u00edticas, da Administra\u00e7\u00e3o e das Finan\u00e7as (APAF)","slug":"assembleia-das-politicas-da-administracao-e-das-financas-apaf","link":"https:\/\/dev-transparencia.cfp.org.br\/wp-json\/wp\/v2\/ata?atareuniao=assembleia-das-politicas-da-administracao-e-das-financas-apaf"}],"titulo":"Assembleia das Pol\u00edticas, da Administra\u00e7\u00e3o e das Finan\u00e7as (APAF)","conteudo":"Assembleia das Pol\u00edticas, da Administra\u00e7\u00e3o e das Finan\u00e7as (APAF)\n\nA Assembleia \u00e9 composta por at\u00e9 tr\u00eas representantes do Conselho Federal de Psicologia (CFP) e por conselheiros de todos CRPs, cujo n\u00famero de representantes varia de um a tr\u00eas dependendo do n\u00famero de profissionais inscritos no regional.\nAs atas est\u00e3o dispon\u00edveis no site do CFP. Clique aqui para acessar.\n\n"}