
{"id":2407,"slug":"ata-de-eleicao-e-posse-da-diretoria-21-09-2013","link":"https:\/\/transparencia.cfp.org.br\/crp14\/ata\/ata-de-eleicao-e-posse-da-diretoria-21-09-2013\/","class_list":["post-2407","ata","type-ata","status-publish","hentry","ata_reuniao-eleicao-e-posse-de-diretoria"],"documentos":[{"file_uploaded":2408,"document_name":"Ata de Elei\u00e7\u00e3o e Posse da Diretoria - 21\/09\/2013","link":"https:\/\/transparencia.cfp.org.br\/crp14\/wp-content\/uploads\/sites\/7\/2017\/12\/2013.09.21-ATA-DE-ELEI\u00c7\u00c3O-E-POSSE-DE-DIRETORIA.pdf"}],"_ata_reuniao":[{"id":53,"nome":"Elei\u00e7\u00e3o e Posse De Diretoria","slug":"eleicao-e-posse-de-diretoria","link":"https:\/\/dev-transparencia.cfp.org.br\/wp-json\/wp\/v2\/ata?atareuniao=eleicao-e-posse-de-diretoria"}],"titulo":"Ata de Elei\u00e7\u00e3o e Posse da Diretoria \u2013 21\/09\/2013","conteudo":"Ata de Elei\u00e7\u00e3o e Posse da Diretoria \u2013 21\/09\/2013\n"}