
{"id":2198,"slug":"ata-sessao-plenaria-23042017-extraordinaria","link":"https:\/\/transparencia.cfp.org.br\/crp14\/ata\/ata-sessao-plenaria-23042017-extraordinaria\/","class_list":["post-2198","ata","type-ata","status-publish","hentry","ata_reuniao-eleicao-e-posse-de-diretoria","ata_reuniao-plenaria-extraordinaria"],"documentos":[{"file_uploaded":2199,"document_name":"Ata Sess\u00e3o Plen\u00e1ria 23\/04\/2017 - Extraordin\u00e1ria","link":"https:\/\/transparencia.cfp.org.br\/crp14\/wp-content\/uploads\/sites\/7\/2017\/08\/Ata-291-23.04.2017-Extraordin\u00e1ria.pdf"}],"_ata_reuniao":[{"id":53,"nome":"Elei\u00e7\u00e3o e Posse De Diretoria","slug":"eleicao-e-posse-de-diretoria","link":"https:\/\/dev-transparencia.cfp.org.br\/wp-json\/wp\/v2\/ata?atareuniao=eleicao-e-posse-de-diretoria"}],"titulo":"Ata Sess\u00e3o Plen\u00e1ria 23\/04\/2017 \u2013 Extraordin\u00e1ria","conteudo":"Delibera\u00e7\u00f5es:\n1) Afastamento Conselheiros;\n2) Pedido de afastamento de Conselheiros;\n3) Indica\u00e7\u00e3o de suplente;\n4) Elei\u00e7\u00e3o e posse Conselheiro Vice-Presidente e Conselheiro Secret\u00e1rio e\n5) Indica\u00e7\u00e3o de delega\u00e7\u00e3o para APAF.\n"}